{"id":3447,"date":"2021-12-23T13:32:56","date_gmt":"2021-12-23T12:32:56","guid":{"rendered":"https:\/\/nmf.no\/?p=3447"},"modified":"2026-04-22T18:40:42","modified_gmt":"2026-04-22T16:40:42","slug":"bisfenol-a-og-mikroplast-er-et-miljoproblem-pa-niva-med-klimakrisen","status":"publish","type":"post","link":"https:\/\/nmf.no\/en\/bisfenol-a-og-mikroplast-er-et-miljoproblem-pa-niva-med-klimakrisen\/","title":{"rendered":"Bisfenol A og mikroplast er et milj\u00f8problem p\u00e5 niv\u00e5 med klimakrisen"},"content":{"rendered":"<div class=\"wpb-content-wrapper\"><div id=\"oppdatering-mars-2023\" class=\"vc_row wpb_row vc_row-fluid saker-row\"><div class=\"wpb_column vc_column_container vc_col-sm-2\"><div class=\"vc_column-inner\"><div class=\"wpb_wrapper\"><\/div><\/div><\/div><div class=\"wpb_column vc_column_container vc_col-sm-8\"><div class=\"vc_column-inner\"><div class=\"wpb_wrapper\"><div class=\"spacer\" style=\"--space-sm: 0px;--space-md: 30px;--space-lg: 30px;--space-xl: 30px;\"><\/div><div class=\"spacer\" style=\"--space-sm: 5px;--space-md: 30px;--space-lg: 30px;--space-xl: 30px;\"><\/div><div class=\"spacer\" style=\"--space-sm: 15px;--space-md: 15px;--space-lg: 15px;--space-xl: 15px;\"><\/div><div class=\"header left\"><h2 class=\"font-size-xss\" title=\"Bisfenol A og mikroplast er et milj\u00f8problem p\u00e5 niv\u00e5 med klimakrisen\" >Bisfenol A og mikroplast er et milj\u00f8problem p\u00e5 niv\u00e5 med klimakrisen<\/h2><\/div>\n\t<div class=\"wpb_text_column wpb_content_element\" >\n\t\t<div class=\"wpb_wrapper\">\n\t\t\t<h6>Publisert dato 23.12.2021\u00a0 \u00a0 Skrevet av: Arnfinn Nilsen<\/h6>\n\n\t\t<\/div>\n\t<\/div>\n\n\t<div class=\"wpb_text_column wpb_content_element\" >\n\t\t<div class=\"wpb_wrapper\">\n\t\t\t<p>De skadelige stoffene Bisfenol A og mikroplast er langt mer alvorlige milj\u00f8trusler enn mange er klar over. De forstyrrer hormonbalansen, skader forplantningsevnen og akkumuleres i \u00f8kosystemene. Nye forskningsrapporter viser at problemet er st\u00f8rre enn tidligere antatt og EUs mattilsyn foresl\u00e5r drastiske kutt i grenseverdiene for tolererbart daglig inntak.<\/p>\n\n\t\t<\/div>\n\t<\/div>\n<div class=\"spacer\" style=\"--space-sm: 5px;--space-md: 20px;--space-lg: 20px;--space-xl: 20px;\"><\/div>\n\t\t\t<figure class=\"standard-image no-caption saker-img none\">\n\t\t\t\t<img loading=\"lazy\" decoding=\"async\" width=\"1024\" height=\"576\" src=\"https:\/\/nmf.no\/wp-content\/uploads\/2025\/03\/Bisphenol-A-1024x576-1.jpg\" class=\"attachment- size-\" alt=\"\" srcset=\"https:\/\/nmf.no\/wp-content\/uploads\/2025\/03\/Bisphenol-A-1024x576-1.jpg 1024w, https:\/\/nmf.no\/wp-content\/uploads\/2025\/03\/Bisphenol-A-1024x576-1-300x169.jpg 300w, https:\/\/nmf.no\/wp-content\/uploads\/2025\/03\/Bisphenol-A-1024x576-1-768x432.jpg 768w, https:\/\/nmf.no\/wp-content\/uploads\/2025\/03\/Bisphenol-A-1024x576-1-18x10.jpg 18w, https:\/\/nmf.no\/wp-content\/uploads\/2025\/03\/Bisphenol-A-1024x576-1-320x180.jpg 320w, https:\/\/nmf.no\/wp-content\/uploads\/2025\/03\/Bisphenol-A-1024x576-1-420x236.jpg 420w, https:\/\/nmf.no\/wp-content\/uploads\/2025\/03\/Bisphenol-A-1024x576-1-576x324.jpg 576w, https:\/\/nmf.no\/wp-content\/uploads\/2025\/03\/Bisphenol-A-1024x576-1-992x558.jpg 992w\" sizes=\"auto, (max-width: 1024px) 100vw, 1024px\">\n\t\t\t\t\n\t\t\t<\/figure><div class=\"spacer\" style=\"--space-sm: 5px;--space-md: 10px;--space-lg: 10px;--space-xl: 10px;\"><\/div>\n\t<div class=\"wpb_text_column wpb_content_element\" >\n\t\t<div class=\"wpb_wrapper\">\n\t\t\t<h4><strong>En usynlig trussel med katastrofale konsekvenser<\/strong><\/h4>\n<p class=\"wp-block-heading\">Det er mange som har begynt \u00e5 forst\u00e5 de enorme milj\u00f8konsekvensene med problemstoffene Bisfenol A og mikroplast. Konsekvensene kan faktisk vise seg \u00e5 v\u00e6re minst like alvorlige som b\u00e5de klimakrisen og tapet av biologisk mangfold.<\/p>\n<p>Bisfenol A (BPA) er blant de mest problematiske stoffene vi st\u00e5r ovenfor.\u00a0I tillegg til en lang rekke negative helseskader er den kanskje mest kjent som en hormonforstyrrer som \u00f8delegger forplantningen. Ikke bare hos oss mennesker, men etterhvert som mengdene \u00f8ker i milj\u00f8et, ogs\u00e5 for alle andre organismer. Fors\u00f8k med regnbue\u00f8rret viser at skadene ogs\u00e5 blir overf\u00f8rt videre til neste generasjon.<\/p>\n<p><strong>Det som gj\u00f8r dette til et av v\u00e5re st\u00f8rste milj\u00f8problem<\/strong>\u00a0er hvor utbredt bruken av stoffer er, og hvordan det finner veien ut i milj\u00f8et og inn i n\u00e6ringskjedene og \u00f8kosystemer. Ettersom dette stoffet finnes i de fleste plastprodukter f\u00e5r vi det direkte inn gjennom mat og drikke.\u00a0<a href=\"https:\/\/www.efsa.europa.eu\/en\/news\/bisphenol-efsa-draft-opinion-proposes-lowering-tolerable-daily-intake\" target=\"_blank\" rel=\"noreferrer noopener\"><strong>EFSA, EUs matmyndighet har nettopp foresl\u00e5tt \u00e5 redusere grenseverdiene (TDI), tolerable daily intake, hele 100.000x lavere enn dagens grenseverdier.<\/strong><\/a>\u00a0S\u00e5 alvorlig ser EU p\u00e5 dette stoffet. Fra de 4 mikrogram som ble satt som grenseverdier i 2015, foresl\u00e5r EFSA n\u00e5 \u00e5 senke dette til 0,04 nanogram, som er det samme som 0,00004 mikrogram. De nye grenseverdiene til EFSA er n\u00e5 ute\u00a0<strong><a href=\"https:\/\/connect.efsa.europa.eu\/RM\/s\/publicconsultation2\/a0l1v00000E8BRD\/pc0109\" target=\"_blank\" rel=\"noreferrer noopener\">p\u00e5 h\u00f8ring, med h\u00f8ringsfrist 8. februar 2022<\/a><\/strong>.<\/p>\n\n\t\t<\/div>\n\t<\/div>\n<div class=\"spacer\" style=\"--space-sm: 18px;--space-md: 18px;--space-lg: 18px;--space-xl: 18px;\"><\/div>\n\t\t\t<figure class=\"standard-image no-caption saker-img none\">\n\t\t\t\t<img loading=\"lazy\" decoding=\"async\" width=\"958\" height=\"539\" src=\"https:\/\/nmf.no\/wp-content\/uploads\/2025\/03\/Bisfenol-A-Havvind-forside-958x539-1.jpg\" class=\"attachment- size-\" alt=\"\" srcset=\"https:\/\/nmf.no\/wp-content\/uploads\/2025\/03\/Bisfenol-A-Havvind-forside-958x539-1.jpg 958w, https:\/\/nmf.no\/wp-content\/uploads\/2025\/03\/Bisfenol-A-Havvind-forside-958x539-1-300x169.jpg 300w, https:\/\/nmf.no\/wp-content\/uploads\/2025\/03\/Bisfenol-A-Havvind-forside-958x539-1-768x432.jpg 768w, https:\/\/nmf.no\/wp-content\/uploads\/2025\/03\/Bisfenol-A-Havvind-forside-958x539-1-18x10.jpg 18w, https:\/\/nmf.no\/wp-content\/uploads\/2025\/03\/Bisfenol-A-Havvind-forside-958x539-1-320x180.jpg 320w, https:\/\/nmf.no\/wp-content\/uploads\/2025\/03\/Bisfenol-A-Havvind-forside-958x539-1-420x236.jpg 420w, https:\/\/nmf.no\/wp-content\/uploads\/2025\/03\/Bisfenol-A-Havvind-forside-958x539-1-576x324.jpg 576w\" sizes=\"auto, (max-width: 958px) 100vw, 958px\">\n\t\t\t\t\n\t\t\t<\/figure><div class=\"spacer\" style=\"--space-sm: 5px;--space-md: 5px;--space-lg: 5px;--space-xl: 5px;\"><\/div>\n\t<div class=\"wpb_text_column wpb_content_element\" >\n\t\t<div class=\"wpb_wrapper\">\n\t\t\t<h4 class=\"wp-block-heading\"><strong>Mikroplast og Bisfenol A \u2013 En farlig miks<\/strong><\/h4>\n<p>Altfor mye mikroplast finner veien ut i milj\u00f8et.\u00a0Kildene er mange og mengdene er store. Alle mulige plastmaterialer, epoxy og gummi brytes opp i mindre deler helt til de er nede i mikrost\u00f8rrelse eller mindre. Disse partiklene brytes praktisk talt ikke ned i naturen. Mye av denne forurensningen vil akkumuleres opp ogs\u00e5 v\u00e6re et milj\u00f8problem i mange hundre \u00e5r, om ikke i tusenvis av \u00e5r fremover. Hvert nytt utslipp kommer i tillegg til alle andre utslipp, og alle tidligere tiders utslipp. Det som slippes ut er praktisk talt umulig \u00e5 fjerne igjen.<\/p>\n<p>Det som er ekstra problematisk\u00a0er at mye av disse partiklene ogs\u00e5 inneholder andre milj\u00f8gifter, som Bisfenol A og andre stoffer. N\u00e5r disse stoffene f\u00f8lger inni disse partiklene er de i stor grad beskyttet mot nedbryting, slik at de blir v\u00e6rende som et gigantisk og voksende milj\u00f8problem i all overskuelig tid. Inntil disse partiklene f.eks kommer inn i eksempelvis sure milj\u00f8 eller h\u00f8yere temperaturer. Da vil de beskyttende partiklene kunne l\u00f8ses opp og stoffene frigis til omgivelsene. Det er dette som skjer n\u00e5r vi f\u00e5r disse mikroplastpartiklene inn i ford\u00f8yelsessystemet. Ikke bare oss mennesker, men ogs\u00e5 alle andre organismer kan p\u00e5 denne m\u00e5ten f\u00f8re stoffet inn i n\u00e6ringskjeden, og til slutt ogs\u00e5 til oss mennesker. Vi f\u00e5r dermed Bisfenol A og andre milj\u00f8gifter inn i oss gjennom plaststoffer som kommer i kontakt med mat og drikke, og ogs\u00e5 via n\u00e6ringskjeden i den maten vi spiser.<\/p>\n<p>Et annet problem med denne typen forurensing\u00a0er at den kan forrykke forplantningen til en rekke organismer, som igjen kan gi ubalanse i \u00f8kosystemene. Mikroplast og Bisfenol A og andre milj\u00f8gifter finnes n\u00e5 i alle deler av verden og i alle \u00f8kosystemer. Skjell, muslinger, krepsdyr, og andre dyr og organismer har gjerne en eller flere mikroplast partikler i kroppen, uansett hvor i verden de er fanget. Det er flere forskningsrapporter som dokumenterer dette problemet.<\/p>\n<p>Problemet blir ikke mindre, men det \u00f8ker \u00e5r for \u00e5r, b\u00e5de i antall kilder og i volum.<\/p>\n<p>De kildene\u00a0vi allerede har m\u00e5 vi redusere, og ikke minst s\u00e5 m\u00e5 vi unng\u00e5 \u00e5 lage nye utslippskilder.<\/p>\n\n\t\t<\/div>\n\t<\/div>\n<div class=\"spacer\" style=\"--space-sm: 18px;--space-md: 18px;--space-lg: 18px;--space-xl: 18px;\"><\/div>\n\t\t\t<figure class=\"standard-image no-caption saker-img none\">\n\t\t\t\t<img loading=\"lazy\" decoding=\"async\" width=\"2560\" height=\"1707\" src=\"https:\/\/nmf.no\/wp-content\/uploads\/2025\/01\/frederik-schonfeldt-QTa5xYxDCs-unsplash-scaled.jpg\" class=\"attachment- size-\" alt=\"\" srcset=\"https:\/\/nmf.no\/wp-content\/uploads\/2025\/01\/frederik-schonfeldt-QTa5xYxDCs-unsplash-scaled.jpg 2560w, https:\/\/nmf.no\/wp-content\/uploads\/2025\/01\/frederik-schonfeldt-QTa5xYxDCs-unsplash-300x200.jpg 300w, https:\/\/nmf.no\/wp-content\/uploads\/2025\/01\/frederik-schonfeldt-QTa5xYxDCs-unsplash-1024x683.jpg 1024w, https:\/\/nmf.no\/wp-content\/uploads\/2025\/01\/frederik-schonfeldt-QTa5xYxDCs-unsplash-768x512.jpg 768w, https:\/\/nmf.no\/wp-content\/uploads\/2025\/01\/frederik-schonfeldt-QTa5xYxDCs-unsplash-1536x1024.jpg 1536w, https:\/\/nmf.no\/wp-content\/uploads\/2025\/01\/frederik-schonfeldt-QTa5xYxDCs-unsplash-2048x1365.jpg 2048w, https:\/\/nmf.no\/wp-content\/uploads\/2025\/01\/frederik-schonfeldt-QTa5xYxDCs-unsplash-18x12.jpg 18w, https:\/\/nmf.no\/wp-content\/uploads\/2025\/01\/frederik-schonfeldt-QTa5xYxDCs-unsplash-320x213.jpg 320w, https:\/\/nmf.no\/wp-content\/uploads\/2025\/01\/frederik-schonfeldt-QTa5xYxDCs-unsplash-420x280.jpg 420w, https:\/\/nmf.no\/wp-content\/uploads\/2025\/01\/frederik-schonfeldt-QTa5xYxDCs-unsplash-576x384.jpg 576w, https:\/\/nmf.no\/wp-content\/uploads\/2025\/01\/frederik-schonfeldt-QTa5xYxDCs-unsplash-992x661.jpg 992w, https:\/\/nmf.no\/wp-content\/uploads\/2025\/01\/frederik-schonfeldt-QTa5xYxDCs-unsplash-1200x800.jpg 1200w, https:\/\/nmf.no\/wp-content\/uploads\/2025\/01\/frederik-schonfeldt-QTa5xYxDCs-unsplash-1920x1280.jpg 1920w\" sizes=\"auto, (max-width: 2560px) 100vw, 2560px\">\n\t\t\t\t\n\t\t\t<\/figure><div class=\"spacer\" style=\"--space-sm: 5px;--space-md: 5px;--space-lg: 5px;--space-xl: 5px;\"><\/div>\n\t<div class=\"wpb_text_column wpb_content_element\" >\n\t\t<div class=\"wpb_wrapper\">\n\t\t\t<h4 class=\"wp-block-heading\"><strong>Problemet er betydelig st\u00f8rren enn det som har v\u00e6rt kjent<\/strong><\/h4>\n<p>I tillegg til\u00a0bildekk, og diverse plastprodukter er epoxykompositter som er mye brukt i b\u00e5ter og i vingebladene p\u00e5 vindturbiner store kilder til utslipp av mikroplast og Bisfenol A, og andre stoffer. I tillegg s\u00e5 er problemet betydelig st\u00f8rre og mer alvorlig enn det industrien selv hevder.<\/p>\n<p>To nye forskningsrapporter, fra Sverige, og fra S\u00f8r Korea viser at mye av den tilgjengelige forskningen og kunnskapen er drevet av den samme industrien som lager problemene, og at forskning og kunnskap dermed gjerne er \u201cfarget\u201d. Dette er n\u00e6rmere beskrevet i v\u00e5re siste h\u00f8ringssvar som du finner lenke til lengre ned p\u00e5 denne siden.<\/p>\n<h4 class=\"wp-block-heading\"><strong>P\u00e5g\u00e5ende arbeid med h\u00f8ringer<\/strong><\/h4>\n<p>Norges Milj\u00f8vernforbund sendte\u00a0ogs\u00e5\u00a0<a href=\"https:\/\/nmf.no\/en\/horingssvar-bisfenola-til-eu\/\" target=\"_blank\" rel=\"noreferrer noopener\">tidligere i februar 2021 h\u00f8ringssvar til EUs kjemikalieregister ECHA<\/a>\u00a0i forhold til Reach lovverket omkring Bisfenol A. Det var opprinnelig Tyskland som hadde bedt om en gjennomgang. Det er dette arbeidet som n\u00e5 fortsetter i ECHA, b\u00e5de hos norske myndigheter og hos de tyske.<\/p>\n<p>I g\u00e5r, 22. desember 2021, sendte Norges Milj\u00f8vernforbund h\u00f8ringssvar\u00a0b\u00e5de til\u00a0<a href=\"https:\/\/www.miljodirektoratet.no\/hoeringer\/2021\/november-2021\/forslag-til-endringer-i-reach-forskriften\/\" target=\"_blank\" rel=\"noreferrer noopener\">Milj\u00f8direktoratets h\u00f8ring<\/a>\u00a0i forhold til ECHA\/Reach, og ogs\u00e5 til\u00a0<a href=\"https:\/\/link.webropolsurveys.com\/Participation\/Public\/285b96ad-500b-4629-b6a7-908043b3e9e2?displayId=Ger2377521\" target=\"_blank\" rel=\"noreferrer noopener\">Tysklands h\u00f8ringsrunde<\/a>\u00a0for deres arbeid opp imot ECHA\/Reach.\u00a0V\u00e5re h\u00f8ringssvar er linket opp nedenfor.<\/p>\n\n\t\t<\/div>\n\t<\/div>\n<div class=\"spacer\" style=\"--space-sm: 1px;--space-md: 1px;--space-lg: 1px;--space-xl: 1px;\"><\/div>\n\t<div class=\"wpb_raw_code wpb_content_element wpb_raw_html\" >\n\t\t<div class=\"wpb_wrapper\">\n\t\t\t<div class=\"social-share-buttons\">\n    <a href=\"https:\/\/www.facebook.com\/sharer\/sharer.php?u=https:\/\/nmf.no\/tid-for-en-revisjon-av-allemannsretten-naturen-ma-komme-forst\/\" target=\"_blank\" class=\"share-btn facebook\">\n        Share on Facebook\n    <\/a>\n    <a href=\"https:\/\/www.instagram.com\" target=\"_blank\" class=\"share-btn instagram\" rel=\"noopener\">\n        Share on Instagram\n    <\/a>\n    <a href=\"https:\/\/twitter.com\/intent\/tweet?url=https:\/\/nmf.no\/tid-for-en-revisjon-av-allemannsretten-naturen-ma-komme-forst\/\" target=\"_blank\" class=\"share-btn twitter\">\n        Share on X\n    <\/a>\n<\/div>\n\n\t\t<\/div>\n\t<\/div>\n<div class=\"spacer\" style=\"--space-sm: 1px;--space-md: 1px;--space-lg: 1px;--space-xl: 1px;\"><\/div><div class=\"vc_separator wpb_content_element vc_separator_align_center vc_sep_width_100 vc_sep_pos_align_center vc_separator_no_text\" ><span class=\"vc_sep_holder vc_sep_holder_l\"><span style=\"border-color:#36778b;\" class=\"vc_sep_line\"><\/span><\/span><span class=\"vc_sep_holder vc_sep_holder_r\"><span style=\"border-color:#36778b;\" class=\"vc_sep_line\"><\/span><\/span>\n<\/div><div class=\"header left\"><h3 class=\"font-size-xss\" title=\"Read more\" style=\"color:#427c95\">Read more<\/h3><\/div>\n\t<div class=\"wpb_text_column wpb_content_element\" >\n\t\t<div class=\"wpb_wrapper\">\n\t\t\t<ul>\n<li><a href=\"https:\/\/nmf.no\/en\/horingssvar-bisfenola-til-eu\/\" target=\"_blank\" rel=\"noreferrer noopener\"><strong>Milj\u00f8vernforbundets h\u00f8ringssvar til ECHA 15.02.2021<\/strong><\/a><\/li>\n<li><a href=\"https:\/\/www.miljodirektoratet.no\/hoeringer\/2021\/november-2021\/forslag-til-endringer-i-reach-forskriften\/\" target=\"_blank\" rel=\"noreferrer noopener\"><strong>Milj\u00f8vernforbundets h\u00f8ringssvar til Milj\u00f8direktoratet 22.12.2021 (link til PDF nederst p\u00e5 siden)<\/strong><\/a><\/li>\n<li><strong><a href=\"https:\/\/nmf.no\/wp-content\/uploads\/2026\/04\/Green-Warriors-of-Norway-2nd-Stakeholder-Consultation-for-Bisphenol-A-2021-12-22.pdf\" target=\"_blank\" rel=\"noreferrer noopener\">Milj\u00f8vernforbundets h\u00f8ringssvar til Tysklands BAUA for ECHA 22.12.2021 (PDF)<\/a><\/strong><\/li>\n<li><a href=\"https:\/\/nmf.no\/wp-content\/uploads\/2026\/04\/Green-Warriors-of-Norway-EFSA-public-consultation-Bisphenol-A-2022-02-22.pdf\"><strong>Milj\u00f8vernforbundets h\u00f8ringssvar til EUs mattilsyn EFSA &#8211; Bisphenol A 2022-02-22<\/strong><\/a><\/li>\n<\/ul>\n\n\t\t<\/div>\n\t<\/div>\n<div class=\"vc_separator wpb_content_element vc_separator_align_center vc_sep_width_100 vc_sep_pos_align_center vc_separator_no_text\" ><span class=\"vc_sep_holder vc_sep_holder_l\"><span style=\"border-color:#36778b;\" class=\"vc_sep_line\"><\/span><\/span><span class=\"vc_sep_holder vc_sep_holder_r\"><span style=\"border-color:#36778b;\" class=\"vc_sep_line\"><\/span><\/span>\n<\/div><div class=\"spacer\" style=\"--space-sm: 30px;--space-md: 30px;--space-lg: 30px;--space-xl: 30px;\"><\/div>\n\t<div  class=\"wpb_single_image wpb_content_element vc_align_center\">\n\t\t\n\t\t<figure class=\"wpb_wrapper vc_figure\">\n\t\t\t<a href=\"https:\/\/nmf.profundo.no\/medlem\" target=\"_self\" class=\"vc_single_image-wrapper vc_box_rounded  vc_box_border_grey\" rel=\"noopener\"><img loading=\"lazy\" decoding=\"async\" width=\"958\" height=\"539\" src=\"https:\/\/nmf.no\/wp-content\/uploads\/2024\/11\/Hjelp-oss-a-ta-vare-pa-miljoet_plakat-958x539-1.webp\" class=\"vc_single_image-img attachment-full\" alt=\"\" title=\"Hjelp-oss-\u00e5-ta-vare-p\u00e5-milj\u00f8et_plakat-958x539 (1)\" srcset=\"https:\/\/nmf.no\/wp-content\/uploads\/2024\/11\/Hjelp-oss-a-ta-vare-pa-miljoet_plakat-958x539-1.webp 958w, https:\/\/nmf.no\/wp-content\/uploads\/2024\/11\/Hjelp-oss-a-ta-vare-pa-miljoet_plakat-958x539-1-300x169.webp 300w, https:\/\/nmf.no\/wp-content\/uploads\/2024\/11\/Hjelp-oss-a-ta-vare-pa-miljoet_plakat-958x539-1-768x432.webp 768w, https:\/\/nmf.no\/wp-content\/uploads\/2024\/11\/Hjelp-oss-a-ta-vare-pa-miljoet_plakat-958x539-1-320x180.webp 320w, https:\/\/nmf.no\/wp-content\/uploads\/2024\/11\/Hjelp-oss-a-ta-vare-pa-miljoet_plakat-958x539-1-420x236.webp 420w, https:\/\/nmf.no\/wp-content\/uploads\/2024\/11\/Hjelp-oss-a-ta-vare-pa-miljoet_plakat-958x539-1-576x324.webp 576w\" sizes=\"auto, (max-width: 958px) 100vw, 958px\"><\/a>\n\t\t<\/figure>\n\t<\/div>\n<\/div><\/div><\/div><div class=\"wpb_column vc_column_container vc_col-sm-2\"><div class=\"vc_column-inner\"><div class=\"wpb_wrapper\"><\/div><\/div><\/div><\/div>\n<\/div>","protected":false},"excerpt":{"rendered":"<p> [&#8230;]<\/p>\n<p><a class=\"btn btn-secondary vidiflex-read-more-link\" href=\"https:\/\/nmf.no\/en\/bisfenol-a-og-mikroplast-er-et-miljoproblem-pa-niva-med-klimakrisen\/\">Read More&#8230;<\/a><\/p>\n","protected":false},"author":2,"featured_media":3449,"comment_status":"closed","ping_status":"open","sticky":false,"template":"","format":"standard","meta":{"footnotes":""},"categories":[20],"tags":[],"class_list":["post-3447","post","type-post","status-publish","format-standard","has-post-thumbnail","hentry","category-miljogifter"],"acf":[],"_links":{"self":[{"href":"https:\/\/nmf.no\/en\/wp-json\/wp\/v2\/posts\/3447","targetHints":{"allow":["GET"]}}],"collection":[{"href":"https:\/\/nmf.no\/en\/wp-json\/wp\/v2\/posts"}],"about":[{"href":"https:\/\/nmf.no\/en\/wp-json\/wp\/v2\/types\/post"}],"author":[{"embeddable":true,"href":"https:\/\/nmf.no\/en\/wp-json\/wp\/v2\/users\/2"}],"replies":[{"embeddable":true,"href":"https:\/\/nmf.no\/en\/wp-json\/wp\/v2\/comments?post=3447"}],"version-history":[{"count":5,"href":"https:\/\/nmf.no\/en\/wp-json\/wp\/v2\/posts\/3447\/revisions"}],"predecessor-version":[{"id":7242,"href":"https:\/\/nmf.no\/en\/wp-json\/wp\/v2\/posts\/3447\/revisions\/7242"}],"wp:featuredmedia":[{"embeddable":true,"href":"https:\/\/nmf.no\/en\/wp-json\/wp\/v2\/media\/3449"}],"wp:attachment":[{"href":"https:\/\/nmf.no\/en\/wp-json\/wp\/v2\/media?parent=3447"}],"wp:term":[{"taxonomy":"category","embeddable":true,"href":"https:\/\/nmf.no\/en\/wp-json\/wp\/v2\/categories?post=3447"},{"taxonomy":"post_tag","embeddable":true,"href":"https:\/\/nmf.no\/en\/wp-json\/wp\/v2\/tags?post=3447"}],"curies":[{"name":"wp","href":"https:\/\/api.w.org\/{rel}","templated":true}]}}