{"id":3644,"date":"2021-02-02T09:59:28","date_gmt":"2021-02-02T08:59:28","guid":{"rendered":"https:\/\/nmf.no\/?p=3644"},"modified":"2025-04-30T10:07:07","modified_gmt":"2025-04-30T08:07:07","slug":"nmf-ber-statsrad-hareide-stanse-nedlegging-av-beredskapskontorer-i-distriktene","status":"publish","type":"post","link":"https:\/\/nmf.no\/en\/nmf-ber-statsrad-hareide-stanse-nedlegging-av-beredskapskontorer-i-distriktene\/","title":{"rendered":"NMF ber Statsr\u00e5d Hareide stanse nedlegging av beredskapskontorer i distriktene"},"content":{"rendered":"<div class=\"wpb-content-wrapper\"><div id=\"oppdatering-mars-2023\" class=\"vc_row wpb_row vc_row-fluid saker-row\"><div class=\"wpb_column vc_column_container vc_col-sm-2\"><div class=\"vc_column-inner\"><div class=\"wpb_wrapper\"><\/div><\/div><\/div><div class=\"wpb_column vc_column_container vc_col-sm-8\"><div class=\"vc_column-inner\"><div class=\"wpb_wrapper\"><div class=\"spacer\" style=\"--space-sm: 0px;--space-md: 30px;--space-lg: 30px;--space-xl: 30px;\"><\/div><div class=\"spacer\" style=\"--space-sm: 5px;--space-md: 30px;--space-lg: 30px;--space-xl: 30px;\"><\/div><div class=\"spacer\" style=\"--space-sm: 15px;--space-md: 15px;--space-lg: 15px;--space-xl: 15px;\"><\/div><div class=\"header left\"><h2 class=\"font-size-xss\" title=\"NMF ber Statsr\u00e5d Hareide stanse nedlegging av beredskapskontorer i distriktene\" >NMF ber Statsr\u00e5d Hareide stanse nedlegging av beredskapskontorer i distriktene<\/h2><\/div>\n\t<div class=\"wpb_text_column wpb_content_element\" >\n\t\t<div class=\"wpb_wrapper\">\n\t\t\t<h6>Publisert dato 28.02.2021<\/h6>\n\n\t\t<\/div>\n\t<\/div>\n\n\t<div class=\"wpb_text_column wpb_content_element\" >\n\t\t<div class=\"wpb_wrapper\">\n\t\t\t<p>Norges Milj\u00f8vernforbund (NMF) ber samferdselsminister Knut Arild Hareide gripe inn for \u00e5 stanse nedleggelsen av Kystverkets beredskapskontorer i Bergen, \u00c5lesund og Kabelv\u00e5g. NMF frykter at sentralisering til Horten vil svekke beredskapen langs kysten og \u00f8ke risikoen ved framtidige oljeutslipp.<\/p>\n\n\t\t<\/div>\n\t<\/div>\n<div class=\"spacer\" style=\"--space-sm: 5px;--space-md: 20px;--space-lg: 20px;--space-xl: 20px;\"><\/div>\n\t\t\t<figure class=\"standard-image no-caption saker-img none\">\n\t\t\t\t<img loading=\"lazy\" decoding=\"async\" width=\"1024\" height=\"692\" src=\"https:\/\/nmf.no\/wp-content\/uploads\/2025\/04\/ingrid-knutsen-24-1024x692-1.jpg\" class=\"attachment- size-\" alt=\"\" srcset=\"https:\/\/nmf.no\/wp-content\/uploads\/2025\/04\/ingrid-knutsen-24-1024x692-1.jpg 1024w, https:\/\/nmf.no\/wp-content\/uploads\/2025\/04\/ingrid-knutsen-24-1024x692-1-300x203.jpg 300w, https:\/\/nmf.no\/wp-content\/uploads\/2025\/04\/ingrid-knutsen-24-1024x692-1-768x519.jpg 768w, https:\/\/nmf.no\/wp-content\/uploads\/2025\/04\/ingrid-knutsen-24-1024x692-1-18x12.jpg 18w, https:\/\/nmf.no\/wp-content\/uploads\/2025\/04\/ingrid-knutsen-24-1024x692-1-320x216.jpg 320w, https:\/\/nmf.no\/wp-content\/uploads\/2025\/04\/ingrid-knutsen-24-1024x692-1-420x284.jpg 420w, https:\/\/nmf.no\/wp-content\/uploads\/2025\/04\/ingrid-knutsen-24-1024x692-1-576x389.jpg 576w, https:\/\/nmf.no\/wp-content\/uploads\/2025\/04\/ingrid-knutsen-24-1024x692-1-992x670.jpg 992w\" sizes=\"auto, (max-width: 1024px) 100vw, 1024px\">\n\t\t\t\t\n\t\t\t<\/figure><div class=\"spacer\" style=\"--space-sm: 5px;--space-md: 10px;--space-lg: 10px;--space-xl: 10px;\"><\/div>\n\t<div class=\"wpb_text_column wpb_content_element\" >\n\t\t<div class=\"wpb_wrapper\">\n\t\t\t<h4><strong>Oljes\u00f8lrisikoen \u00f8ker<\/strong><\/h4>\n<p class=\"wp-block-heading\">I et brev til Hareide av 23 nov 2020 ber NMF statsr\u00e5den stanse nedleggelse av fremskutte kontorer i Bergen, \u00c5lesund og Kabelv\u00e5g. Nedleggelsen og flytting av n\u00f8kkelpersoner er et ledd i omorganiseringen av Kystverket sine tjenester.<\/p>\n<p>Norges Milj\u00f8vernforbund (NMF) har siden etableringen i 1993 jobbet tungt med oljevern saker og beskyttelse av norske farvann mot oljes\u00f8l og den skade det kan gj\u00f8re p\u00e5 v\u00e5re marine naturverdier og ressurser.\u00a0NMF mener den sittende Kystdirekt\u00f8ren som ble ansatt i 2018\/19 er uegnet til jobben sin og at det n mer enn noensinne er fokuset p\u00e5 effektivisering og \u00f8konomi som driver Kystverket mer enn sikkerhet for seilende og milj\u00f8et.<\/p>\n<p>De fremskutte kontorene er et resultat av gjennomgang av etaten etter Full City havariet i 2009. Kystverket legger n\u00e5 opp til at ledere og depotingeni\u00f8rer ved disse kontorene skal jobbe fra Horten og da med utstrakt reisevirksomhet opp mot 70-80 d\u00f8gn serve og etterse depotene.\u00a0NMF mener dette er en uhyre d\u00e5rlig ide og vil svekke beredskapen ved hendelser.<\/p>\n<p>Det er snart 10 \u00e5r siden forrige store oljes\u00f8l fra emn havarist(Godafoss i mars 2011) og NMF er redd skuldrene i Kystverket er senket for mye. Etter Viking Sky hendelsen mars 2019 skulle en tro og forvente det motsatte. En \u00f8kt trafikk p\u00e5 oljeterminalene v\u00e5re p\u00e5 Vestlandet med 300 000 tonnere \u00f8ker og risikoen for st\u00f8rre utslipp da disse skipene er verre \u00e5 h\u00e5ndtere enn de mindre. i 2018 advarte dav\u00e6rende beredskapsdirekt\u00f8r Johan Marius Ly mot hendelser langs kysten og uttalte at flaks ofte var avgj\u00f8rende for hendelsers forl\u00f8p.<\/p>\n\n\t\t<\/div>\n\t<\/div>\n<div class=\"spacer\" style=\"--space-sm: 1px;--space-md: 1px;--space-lg: 1px;--space-xl: 1px;\"><\/div>\n\t<div class=\"wpb_raw_code wpb_content_element wpb_raw_html\" >\n\t\t<div class=\"wpb_wrapper\">\n\t\t\t<div class=\"social-share-buttons\">\n    <a href=\"https:\/\/www.facebook.com\/sharer\/sharer.php?u=https:\/\/nmf.no\/tid-for-en-revisjon-av-allemannsretten-naturen-ma-komme-forst\/\" target=\"_blank\" class=\"share-btn facebook\">\n        Share on Facebook\n    <\/a>\n    <a href=\"https:\/\/www.instagram.com\" target=\"_blank\" class=\"share-btn instagram\" rel=\"noopener\">\n        Share on Instagram\n    <\/a>\n    <a href=\"https:\/\/twitter.com\/intent\/tweet?url=https:\/\/nmf.no\/tid-for-en-revisjon-av-allemannsretten-naturen-ma-komme-forst\/\" target=\"_blank\" class=\"share-btn twitter\">\n        Share on X\n    <\/a>\n<\/div>\n\n\t\t<\/div>\n\t<\/div>\n<div class=\"spacer\" style=\"--space-sm: 1px;--space-md: 1px;--space-lg: 1px;--space-xl: 1px;\"><\/div><div class=\"vc_separator wpb_content_element vc_separator_align_center vc_sep_width_100 vc_sep_pos_align_center vc_separator_no_text\" ><span class=\"vc_sep_holder vc_sep_holder_l\"><span style=\"border-color:#36778b;\" class=\"vc_sep_line\"><\/span><\/span><span class=\"vc_sep_holder vc_sep_holder_r\"><span style=\"border-color:#36778b;\" class=\"vc_sep_line\"><\/span><\/span>\n<\/div><div class=\"header left\"><h3 class=\"font-size-xss\" title=\"Read more\" style=\"color:#427c95\">Read more<\/h3><\/div>\n\t<div class=\"wpb_text_column wpb_content_element\" >\n\t\t<div class=\"wpb_wrapper\">\n\t\t\t<ul>\n<li><strong><a href=\"http:\/\/984072-www.web.tornado-node.net\/wp-content\/uploads\/2021\/02\/NORGES-MILJOVERNFORBUND-Brev-Samferdselsdepartementet-omorganisering-Kystverket-oljevernberedskap.pdf\" target=\"_blank\" rel=\"noreferrer noopener\">Les brevet til Knut Arild Hareide her (PDF)<\/a><\/strong><\/li>\n<\/ul>\n\n\t\t<\/div>\n\t<\/div>\n<div class=\"vc_separator wpb_content_element vc_separator_align_center vc_sep_width_100 vc_sep_pos_align_center vc_separator_no_text\" ><span class=\"vc_sep_holder vc_sep_holder_l\"><span style=\"border-color:#36778b;\" class=\"vc_sep_line\"><\/span><\/span><span class=\"vc_sep_holder vc_sep_holder_r\"><span style=\"border-color:#36778b;\" class=\"vc_sep_line\"><\/span><\/span>\n<\/div><div class=\"spacer\" style=\"--space-sm: 30px;--space-md: 30px;--space-lg: 30px;--space-xl: 30px;\"><\/div>\n\t<div  class=\"wpb_single_image wpb_content_element vc_align_center\">\n\t\t\n\t\t<figure class=\"wpb_wrapper vc_figure\">\n\t\t\t<a href=\"https:\/\/nmf.profundo.no\/medlem\" target=\"_self\" class=\"vc_single_image-wrapper vc_box_rounded  vc_box_border_grey\" rel=\"noopener\"><img loading=\"lazy\" decoding=\"async\" width=\"958\" height=\"539\" src=\"https:\/\/nmf.no\/wp-content\/uploads\/2024\/11\/Hjelp-oss-a-ta-vare-pa-miljoet_plakat-958x539-1.webp\" class=\"vc_single_image-img attachment-full\" alt=\"\" title=\"Hjelp-oss-\u00e5-ta-vare-p\u00e5-milj\u00f8et_plakat-958x539 (1)\" srcset=\"https:\/\/nmf.no\/wp-content\/uploads\/2024\/11\/Hjelp-oss-a-ta-vare-pa-miljoet_plakat-958x539-1.webp 958w, https:\/\/nmf.no\/wp-content\/uploads\/2024\/11\/Hjelp-oss-a-ta-vare-pa-miljoet_plakat-958x539-1-300x169.webp 300w, https:\/\/nmf.no\/wp-content\/uploads\/2024\/11\/Hjelp-oss-a-ta-vare-pa-miljoet_plakat-958x539-1-768x432.webp 768w, https:\/\/nmf.no\/wp-content\/uploads\/2024\/11\/Hjelp-oss-a-ta-vare-pa-miljoet_plakat-958x539-1-320x180.webp 320w, https:\/\/nmf.no\/wp-content\/uploads\/2024\/11\/Hjelp-oss-a-ta-vare-pa-miljoet_plakat-958x539-1-420x236.webp 420w, https:\/\/nmf.no\/wp-content\/uploads\/2024\/11\/Hjelp-oss-a-ta-vare-pa-miljoet_plakat-958x539-1-576x324.webp 576w\" sizes=\"auto, (max-width: 958px) 100vw, 958px\"><\/a>\n\t\t<\/figure>\n\t<\/div>\n<\/div><\/div><\/div><div class=\"wpb_column vc_column_container vc_col-sm-2\"><div class=\"vc_column-inner\"><div class=\"wpb_wrapper\"><\/div><\/div><\/div><\/div>\n<\/div>","protected":false},"excerpt":{"rendered":"<p> [&#8230;]<\/p>\n<p><a class=\"btn btn-secondary vidiflex-read-more-link\" href=\"https:\/\/nmf.no\/en\/nmf-ber-statsrad-hareide-stanse-nedlegging-av-beredskapskontorer-i-distriktene\/\">Read More&#8230;<\/a><\/p>\n","protected":false},"author":2,"featured_media":3645,"comment_status":"closed","ping_status":"open","sticky":false,"template":"","format":"standard","meta":{"footnotes":""},"categories":[20],"tags":[],"class_list":["post-3644","post","type-post","status-publish","format-standard","has-post-thumbnail","hentry","category-miljogifter"],"acf":[],"_links":{"self":[{"href":"https:\/\/nmf.no\/en\/wp-json\/wp\/v2\/posts\/3644","targetHints":{"allow":["GET"]}}],"collection":[{"href":"https:\/\/nmf.no\/en\/wp-json\/wp\/v2\/posts"}],"about":[{"href":"https:\/\/nmf.no\/en\/wp-json\/wp\/v2\/types\/post"}],"author":[{"embeddable":true,"href":"https:\/\/nmf.no\/en\/wp-json\/wp\/v2\/users\/2"}],"replies":[{"embeddable":true,"href":"https:\/\/nmf.no\/en\/wp-json\/wp\/v2\/comments?post=3644"}],"version-history":[{"count":2,"href":"https:\/\/nmf.no\/en\/wp-json\/wp\/v2\/posts\/3644\/revisions"}],"predecessor-version":[{"id":3647,"href":"https:\/\/nmf.no\/en\/wp-json\/wp\/v2\/posts\/3644\/revisions\/3647"}],"wp:featuredmedia":[{"embeddable":true,"href":"https:\/\/nmf.no\/en\/wp-json\/wp\/v2\/media\/3645"}],"wp:attachment":[{"href":"https:\/\/nmf.no\/en\/wp-json\/wp\/v2\/media?parent=3644"}],"wp:term":[{"taxonomy":"category","embeddable":true,"href":"https:\/\/nmf.no\/en\/wp-json\/wp\/v2\/categories?post=3644"},{"taxonomy":"post_tag","embeddable":true,"href":"https:\/\/nmf.no\/en\/wp-json\/wp\/v2\/tags?post=3644"}],"curies":[{"name":"wp","href":"https:\/\/api.w.org\/{rel}","templated":true}]}}