{"id":3908,"date":"2020-10-28T09:24:40","date_gmt":"2020-10-28T08:24:40","guid":{"rendered":"https:\/\/nmf.no\/?p=3908"},"modified":"2025-08-22T09:27:39","modified_gmt":"2025-08-22T07:27:39","slug":"kurt-oddekalv-ekspertutvalget-for-u-864-mangler-miljoorganisasjon","status":"publish","type":"post","link":"https:\/\/nmf.no\/en\/kurt-oddekalv-ekspertutvalget-for-u-864-mangler-miljoorganisasjon\/","title":{"rendered":"kurt-oddekalv-ekspertutvalget-for-u-864-mangler-miljoorganisasjon\/"},"content":{"rendered":"<div class=\"wpb-content-wrapper\"><div id=\"oppdatering-mars-2023\" class=\"vc_row wpb_row vc_row-fluid saker-row\"><div class=\"wpb_column vc_column_container vc_col-sm-2\"><div class=\"vc_column-inner\"><div class=\"wpb_wrapper\"><\/div><\/div><\/div><div class=\"wpb_column vc_column_container vc_col-sm-8\"><div class=\"vc_column-inner\"><div class=\"wpb_wrapper\"><div class=\"spacer\" style=\"--space-sm: 0px;--space-md: 30px;--space-lg: 30px;--space-xl: 30px;\"><\/div><div class=\"spacer\" style=\"--space-sm: 5px;--space-md: 30px;--space-lg: 30px;--space-xl: 30px;\"><\/div><div class=\"spacer\" style=\"--space-sm: 15px;--space-md: 15px;--space-lg: 15px;--space-xl: 15px;\"><\/div><div class=\"header left\"><h2 class=\"font-size-xss\" title=\"Kurt Oddekalv: Ekspertutvalget for U-864 mangler milj\u00f8organisasjon\" >Kurt Oddekalv: Ekspertutvalget for U-864 mangler milj\u00f8organisasjon<\/h2><\/div>\n\t<div class=\"wpb_text_column wpb_content_element\" >\n\t\t<div class=\"wpb_wrapper\">\n\t\t\t<h6>Publisert dato: 28. oktober 2020<\/h6>\n\n\t\t<\/div>\n\t<\/div>\n\n\t<div class=\"wpb_text_column wpb_content_element\" >\n\t\t<div class=\"wpb_wrapper\">\n\t\t\t<p>Samferdselsdepartementet har satt ned ekspertutvalget for kvikks\u00f8lvub\u00e5ten U-864. Utvalget mangler representasjon fra en milj\u00f8organisasjon. Kurt Oddekalv, leder i Norges Milj\u00f8vernforbund(NMF) mener at organisasjonen burde v\u00e6rt med i ekspertpaneletpanelet som n\u00e5 skal avgj\u00f8re kvikks\u00f8lvub\u00e5tens og Atlanterhavets skjebne.<\/p>\n<p>Jeg mener vi burde sitte i panelet fordi vi er den eneste uavhengige milj\u00f8organisasjonen som har jobbet uavbrutt med saken og lagt ned et stort antall arbeidstimer og lagt ut omtrent en million kroner p\u00e5 saken siden 2004.<\/p>\n<p>&nbsp;<\/p>\n<p>Kurt Oddekalv mener det er viktig at han eller en annen i NMF f\u00e5r plass i ekspertpanelet.<\/p>\n<p>NMF har n\u00e5 bedt Samferdselsdepartementet om muligheten til \u00e5 f\u00e5 observat\u00f8rstatus i ekspertpanelet, og har i lengre tid arbeidet for \u00e5 f\u00e5 til et m\u00f8te med panelet n\u00e5r det er p\u00e5 plass.<\/p>\n<p>Vi ser at det er et bredt sammensatt panel fra profesjonell offshoreindustri og flere eksperter fra ulike forskningsmilj\u00f8er. Vi legger merke til at Sylvia Frantzen, forsker p\u00e5 Havforskningsinstituttet fortsatt er med p\u00e5 kvikks\u00f8lvm\u00e5linger, og det er bra for kontinuiteten.<\/p>\n<p>\u00d8yvind Voie fra Forsvarets Forskningsinstitutt -FFI tar seg av risikoanalysen fra eksplosiver. Vi tror det vil styrke et valg p\u00e5 heving av vrak og full opprydding. De tradisjonelle konsulentselskapene (Multiconsult, Ramb\u00f8ll, NIVA, Norconsult osv.) som har v\u00e6rt knyttet opp mot ub\u00e5tsaken er n\u00e5 ute, og det er positivt. Det er heller ingen representanter fra Kystverket, og det gir h\u00e5p om en god l\u00f8sning, sier Kurt Oddekalv.<\/p>\n<p>Vi har hele tiden sagt at heving er eneste l\u00f8sning, og vi har v\u00e6rt p\u00e5 kollisjonskurs med Kystverket helet tiden siden de overtok ub\u00e5tsaken.<\/p>\n<p>Les pressemeldingen fra regjeringen med deltakerne i ekspertpanelet:<br \/>\n<a href=\"https:\/\/www.regjeringen.no\/no\/aktuelt\/ekspertutvalg-for-ubaten-u-864-er-klart\/id2777474\/\" target=\"_blank\" rel=\"noreferrer noopener\">https:\/\/www.regjeringen.no\/no\/aktuelt\/ekspertutvalg-for-ubaten-u-864-er-klart\/id2777474\/<\/a><\/p>\n\n\t\t<\/div>\n\t<\/div>\n<div class=\"spacer\" style=\"--space-sm: 1px;--space-md: 1px;--space-lg: 1px;--space-xl: 1px;\"><\/div>\n\t<div class=\"wpb_raw_code wpb_content_element wpb_raw_html\" >\n\t\t<div class=\"wpb_wrapper\">\n\t\t\t<div class=\"social-share-buttons\">\n    <a href=\"https:\/\/www.facebook.com\/sharer\/sharer.php?u=https:\/\/nmf.no\/tid-for-en-revisjon-av-allemannsretten-naturen-ma-komme-forst\/\" target=\"_blank\" class=\"share-btn facebook\">\n        Share on Facebook\n    <\/a>\n    <a href=\"https:\/\/www.instagram.com\" target=\"_blank\" class=\"share-btn instagram\" rel=\"noopener\">\n        Share on Instagram\n    <\/a>\n    <a href=\"https:\/\/twitter.com\/intent\/tweet?url=https:\/\/nmf.no\/tid-for-en-revisjon-av-allemannsretten-naturen-ma-komme-forst\/\" target=\"_blank\" class=\"share-btn twitter\">\n        Share on X\n    <\/a>\n<\/div>\n\n\t\t<\/div>\n\t<\/div>\n<div class=\"spacer\" style=\"--space-sm: 30px;--space-md: 30px;--space-lg: 30px;--space-xl: 30px;\"><\/div>\n\t<div  class=\"wpb_single_image wpb_content_element vc_align_center\">\n\t\t\n\t\t<figure class=\"wpb_wrapper vc_figure\">\n\t\t\t<a href=\"https:\/\/nmf.profundo.no\/medlem\" target=\"_self\" class=\"vc_single_image-wrapper vc_box_rounded  vc_box_border_grey\" rel=\"noopener\"><img loading=\"lazy\" decoding=\"async\" width=\"958\" height=\"539\" src=\"https:\/\/nmf.no\/wp-content\/uploads\/2024\/11\/Hjelp-oss-a-ta-vare-pa-miljoet_plakat-958x539-1.webp\" class=\"vc_single_image-img attachment-full\" alt=\"\" title=\"Hjelp-oss-\u00e5-ta-vare-p\u00e5-milj\u00f8et_plakat-958x539 (1)\" srcset=\"https:\/\/nmf.no\/wp-content\/uploads\/2024\/11\/Hjelp-oss-a-ta-vare-pa-miljoet_plakat-958x539-1.webp 958w, https:\/\/nmf.no\/wp-content\/uploads\/2024\/11\/Hjelp-oss-a-ta-vare-pa-miljoet_plakat-958x539-1-300x169.webp 300w, https:\/\/nmf.no\/wp-content\/uploads\/2024\/11\/Hjelp-oss-a-ta-vare-pa-miljoet_plakat-958x539-1-768x432.webp 768w, https:\/\/nmf.no\/wp-content\/uploads\/2024\/11\/Hjelp-oss-a-ta-vare-pa-miljoet_plakat-958x539-1-320x180.webp 320w, https:\/\/nmf.no\/wp-content\/uploads\/2024\/11\/Hjelp-oss-a-ta-vare-pa-miljoet_plakat-958x539-1-420x236.webp 420w, https:\/\/nmf.no\/wp-content\/uploads\/2024\/11\/Hjelp-oss-a-ta-vare-pa-miljoet_plakat-958x539-1-576x324.webp 576w\" sizes=\"auto, (max-width: 958px) 100vw, 958px\"><\/a>\n\t\t<\/figure>\n\t<\/div>\n<\/div><\/div><\/div><div class=\"wpb_column vc_column_container vc_col-sm-2\"><div class=\"vc_column-inner\"><div class=\"wpb_wrapper\"><\/div><\/div><\/div><\/div>\n<\/div>","protected":false},"excerpt":{"rendered":"<p> [&#8230;]<\/p>\n<p><a class=\"btn btn-secondary vidiflex-read-more-link\" href=\"https:\/\/nmf.no\/en\/kurt-oddekalv-ekspertutvalget-for-u-864-mangler-miljoorganisasjon\/\">Read More&#8230;<\/a><\/p>\n","protected":false},"author":5,"featured_media":0,"comment_status":"closed","ping_status":"open","sticky":false,"template":"","format":"standard","meta":{"footnotes":""},"categories":[20],"tags":[],"class_list":["post-3908","post","type-post","status-publish","format-standard","hentry","category-miljogifter"],"acf":[],"_links":{"self":[{"href":"https:\/\/nmf.no\/en\/wp-json\/wp\/v2\/posts\/3908","targetHints":{"allow":["GET"]}}],"collection":[{"href":"https:\/\/nmf.no\/en\/wp-json\/wp\/v2\/posts"}],"about":[{"href":"https:\/\/nmf.no\/en\/wp-json\/wp\/v2\/types\/post"}],"author":[{"embeddable":true,"href":"https:\/\/nmf.no\/en\/wp-json\/wp\/v2\/users\/5"}],"replies":[{"embeddable":true,"href":"https:\/\/nmf.no\/en\/wp-json\/wp\/v2\/comments?post=3908"}],"version-history":[{"count":4,"href":"https:\/\/nmf.no\/en\/wp-json\/wp\/v2\/posts\/3908\/revisions"}],"predecessor-version":[{"id":4660,"href":"https:\/\/nmf.no\/en\/wp-json\/wp\/v2\/posts\/3908\/revisions\/4660"}],"wp:attachment":[{"href":"https:\/\/nmf.no\/en\/wp-json\/wp\/v2\/media?parent=3908"}],"wp:term":[{"taxonomy":"category","embeddable":true,"href":"https:\/\/nmf.no\/en\/wp-json\/wp\/v2\/categories?post=3908"},{"taxonomy":"post_tag","embeddable":true,"href":"https:\/\/nmf.no\/en\/wp-json\/wp\/v2\/tags?post=3908"}],"curies":[{"name":"wp","href":"https:\/\/api.w.org\/{rel}","templated":true}]}}