{"id":4400,"date":"2025-06-30T12:07:25","date_gmt":"2025-06-30T10:07:25","guid":{"rendered":"https:\/\/nmf.no\/?p=4400"},"modified":"2025-06-30T12:07:25","modified_gmt":"2025-06-30T10:07:25","slug":"kampen-mot-svartelistede-lupiner-pa-ny-vei","status":"publish","type":"post","link":"https:\/\/nmf.no\/en\/kampen-mot-svartelistede-lupiner-pa-ny-vei\/","title":{"rendered":"Kampen mot svartelistede lupiner p\u00e5 ny vei"},"content":{"rendered":"<div class=\"wpb-content-wrapper\"><div id=\"oppdatering-mars-2023\" class=\"vc_row wpb_row vc_row-fluid saker-row\"><div class=\"wpb_column vc_column_container vc_col-sm-2\"><div class=\"vc_column-inner\"><div class=\"wpb_wrapper\"><\/div><\/div><\/div><div class=\"wpb_column vc_column_container vc_col-sm-8\"><div class=\"vc_column-inner\"><div class=\"wpb_wrapper\"><div class=\"spacer\" style=\"--space-sm: 0px;--space-md: 30px;--space-lg: 30px;--space-xl: 30px;\"><\/div><div class=\"spacer\" style=\"--space-sm: 5px;--space-md: 30px;--space-lg: 30px;--space-xl: 30px;\"><\/div><div class=\"spacer\" style=\"--space-sm: 15px;--space-md: 15px;--space-lg: 15px;--space-xl: 15px;\"><\/div><div class=\"header left\"><h2 class=\"font-size-xss\" title=\"Kampen mot svartelistede lupiner p\u00e5 ny vei\" >Kampen mot svartelistede lupiner p\u00e5 ny vei<\/h2><\/div>\n\t<div class=\"wpb_text_column wpb_content_element\" >\n\t\t<div class=\"wpb_wrapper\">\n\t\t\t<h6>Publisert dato 30.06.2025\u00a0 Saksbehandler: Arnfinn Nilsen<\/h6>\n\n\t\t<\/div>\n\t<\/div>\n\n\t<div class=\"wpb_text_column wpb_content_element\" >\n\t\t<div class=\"wpb_wrapper\">\n\t\t\t<p>Da Norges Milj\u00f8vernforbund oppdaget at en nyopparbeidet veiskr\u00e5ning langs E39 p\u00e5 Bogafjell utenfor Sandnes var full av svartelistede lupiner, reagerte vi umiddelbart. De invaderende plantene er forbudt \u00e5 spre og vanskelige \u00e5 bli kvitt, at de har f\u00e5tt fotfeste i en nylig opparbeidet vegstrekning er i strid med alle milj\u00f8krav.<\/p>\n\n\t\t<\/div>\n\t<\/div>\n<div class=\"spacer\" style=\"--space-sm: 5px;--space-md: 20px;--space-lg: 20px;--space-xl: 20px;\"><\/div>\n\t\t\t<figure class=\"standard-image no-caption saker-img none\">\n\t\t\t\t<img loading=\"lazy\" decoding=\"async\" width=\"2560\" height=\"1920\" src=\"https:\/\/nmf.no\/wp-content\/uploads\/2025\/06\/2025-05-16-0109_DxO-scaled.jpg\" class=\"attachment- size-\" alt=\"\" srcset=\"https:\/\/nmf.no\/wp-content\/uploads\/2025\/06\/2025-05-16-0109_DxO-scaled.jpg 2560w, https:\/\/nmf.no\/wp-content\/uploads\/2025\/06\/2025-05-16-0109_DxO-300x225.jpg 300w, https:\/\/nmf.no\/wp-content\/uploads\/2025\/06\/2025-05-16-0109_DxO-1024x768.jpg 1024w, https:\/\/nmf.no\/wp-content\/uploads\/2025\/06\/2025-05-16-0109_DxO-768x576.jpg 768w, https:\/\/nmf.no\/wp-content\/uploads\/2025\/06\/2025-05-16-0109_DxO-1536x1152.jpg 1536w, https:\/\/nmf.no\/wp-content\/uploads\/2025\/06\/2025-05-16-0109_DxO-2048x1536.jpg 2048w, https:\/\/nmf.no\/wp-content\/uploads\/2025\/06\/2025-05-16-0109_DxO-16x12.jpg 16w, https:\/\/nmf.no\/wp-content\/uploads\/2025\/06\/2025-05-16-0109_DxO-320x240.jpg 320w, https:\/\/nmf.no\/wp-content\/uploads\/2025\/06\/2025-05-16-0109_DxO-420x315.jpg 420w, https:\/\/nmf.no\/wp-content\/uploads\/2025\/06\/2025-05-16-0109_DxO-576x432.jpg 576w, https:\/\/nmf.no\/wp-content\/uploads\/2025\/06\/2025-05-16-0109_DxO-992x744.jpg 992w, https:\/\/nmf.no\/wp-content\/uploads\/2025\/06\/2025-05-16-0109_DxO-1200x900.jpg 1200w, https:\/\/nmf.no\/wp-content\/uploads\/2025\/06\/2025-05-16-0109_DxO-1920x1440.jpg 1920w\" sizes=\"auto, (max-width: 2560px) 100vw, 2560px\">\n\t\t\t\t\n\t\t\t<\/figure><div class=\"spacer\" style=\"--space-sm: 5px;--space-md: 10px;--space-lg: 10px;--space-xl: 10px;\"><\/div>\n\t<div class=\"wpb_text_column wpb_content_element\" >\n\t\t<div class=\"wpb_wrapper\">\n\t\t\t<h4><strong>Svartelistede planter langs ny E39: \u2013 Et alvorlig avvik<\/strong><\/h4>\n<p>Til v\u00e5r forskrekkelse oppdaget vi tidligere i \u00e5r at den delen av E39 p\u00e5 Bogafjell s\u00f8r for Sandnes i Rogaland som bygges om til motorvei, var full av svartelistede lupiner. Dette er planter som ogs\u00e5 st\u00e5r p\u00e5 Vegvesenets egen liste over de mest problematiske og invaderende fremmedartene.<\/p>\n<p>P\u00e5 denne vegstrekningen er det en lang og h\u00f8y vegskj\u00e6ring som var helt overgrodd av slike lupiner. Omr\u00e5det ble opparbeidet og planert i l\u00f8pet av h\u00f8sten og vinteren, og var n\u00e5 klargjort for sin f\u00f8rste vekstsesong. Nye vegprosjekter skal i utgangspunktet v\u00e6re helt fri for skadelige og invaderende arter, men her var vegskr\u00e5ningen n\u00e6rmest overs\u00e5dd med dem.<\/p>\n<p>Jord som har inneholdt svartelistede fremmedarter, skal ikke gjenbrukes. Ved fjerning m\u00e5 plantene graves opp med rot, samles i plastsekker og leveres til forbrenning \u2013 f\u00f8r fr\u00f8ene rekker \u00e5 spres. Fr\u00f8 fra lupiner kan nemlig overleve i jorda i opptil 50 \u00e5r f\u00f8r de spirer igjen.<\/p>\n\n\t\t<\/div>\n\t<\/div>\n<div class=\"spacer\" style=\"--space-sm: 18px;--space-md: 18px;--space-lg: 18px;--space-xl: 18px;\"><\/div>\n\t\t\t<figure class=\"standard-image no-caption saker-img none\">\n\t\t\t\t<img loading=\"lazy\" decoding=\"async\" width=\"2560\" height=\"1920\" src=\"https:\/\/nmf.no\/wp-content\/uploads\/2025\/06\/20250526_115820-scaled.jpg\" class=\"attachment- size-\" alt=\"\" srcset=\"https:\/\/nmf.no\/wp-content\/uploads\/2025\/06\/20250526_115820-scaled.jpg 2560w, https:\/\/nmf.no\/wp-content\/uploads\/2025\/06\/20250526_115820-300x225.jpg 300w, https:\/\/nmf.no\/wp-content\/uploads\/2025\/06\/20250526_115820-1024x768.jpg 1024w, https:\/\/nmf.no\/wp-content\/uploads\/2025\/06\/20250526_115820-768x576.jpg 768w, https:\/\/nmf.no\/wp-content\/uploads\/2025\/06\/20250526_115820-1536x1152.jpg 1536w, https:\/\/nmf.no\/wp-content\/uploads\/2025\/06\/20250526_115820-2048x1536.jpg 2048w, https:\/\/nmf.no\/wp-content\/uploads\/2025\/06\/20250526_115820-16x12.jpg 16w, https:\/\/nmf.no\/wp-content\/uploads\/2025\/06\/20250526_115820-320x240.jpg 320w, https:\/\/nmf.no\/wp-content\/uploads\/2025\/06\/20250526_115820-420x315.jpg 420w, https:\/\/nmf.no\/wp-content\/uploads\/2025\/06\/20250526_115820-576x432.jpg 576w, https:\/\/nmf.no\/wp-content\/uploads\/2025\/06\/20250526_115820-992x744.jpg 992w, https:\/\/nmf.no\/wp-content\/uploads\/2025\/06\/20250526_115820-1200x900.jpg 1200w, https:\/\/nmf.no\/wp-content\/uploads\/2025\/06\/20250526_115820-1920x1440.jpg 1920w\" sizes=\"auto, (max-width: 2560px) 100vw, 2560px\">\n\t\t\t\t\n\t\t\t<\/figure><div class=\"spacer\" style=\"--space-sm: 5px;--space-md: 5px;--space-lg: 5px;--space-xl: 5px;\"><\/div>\n\t<div class=\"wpb_text_column wpb_content_element\" >\n\t\t<div class=\"wpb_wrapper\">\n\t\t\t<h4><strong>Rask respons etter krav fra NMF \u2013 men oppf\u00f8lging m\u00e5 til<\/strong><\/h4>\n<p>At slike planter f\u00e5r blomstre i full skala p\u00e5 en nybygd veistrekning er sv\u00e6rt alvorlig og tyder p\u00e5 svikt i gjennomf\u00f8ringen. Det er ille nok at lupiner tidligere har blitt plantet langs norske veier \u2013 men at de f\u00e5r innpass i nye veganlegg, er uakseptabelt.<\/p>\n<p>Da Norges Milj\u00f8vernforbund oppdaget forholdene i midten av mai, tok vi umiddelbart kontakt med Statens vegvesen sitt prosjektkontor med krav om strakstiltak. Allerede 26. mai var entrepren\u00f8ren p\u00e5 plass og fjernet plantene med rot i plastsekker. Dette var en rask og riktig reaksjon \u2013 men problemet er ikke l\u00f8st med ett inngrep.<\/p>\n<p>Milj\u00f8vernforbundet vil derfor f\u00f8lge opp saken videre og krever at denne strekningen av E39 blir underlagt \u00e5rlig ettersyn og fjerning av lupiner og andre fremmedarter som del av vedlikeholdsplanen. Invasive planter er et \u00f8kende problem langs norske veier, og vi trenger ikke at nye prosjekter forverrer situasjonen.<\/p>\n<p>Milj\u00f8vernforbundet er p\u00e5 ballen, og vi vil s\u00f8rge for at dette blir fulgt opp grundig.<\/p>\n\n\t\t<\/div>\n\t<\/div>\n<div class=\"spacer\" style=\"--space-sm: 1px;--space-md: 1px;--space-lg: 1px;--space-xl: 1px;\"><\/div>\n\t<div class=\"wpb_raw_code wpb_content_element wpb_raw_html\" >\n\t\t<div class=\"wpb_wrapper\">\n\t\t\t<div class=\"social-share-buttons\">\n    <a href=\"https:\/\/www.facebook.com\/sharer\/sharer.php?u=https:\/\/nmf.no\/tid-for-en-revisjon-av-allemannsretten-naturen-ma-komme-forst\/\" target=\"_blank\" class=\"share-btn facebook\">\n        Share on Facebook\n    <\/a>\n    <a href=\"https:\/\/www.instagram.com\" target=\"_blank\" class=\"share-btn instagram\" rel=\"noopener\">\n        Share on Instagram\n    <\/a>\n    <a href=\"https:\/\/twitter.com\/intent\/tweet?url=https:\/\/nmf.no\/tid-for-en-revisjon-av-allemannsretten-naturen-ma-komme-forst\/\" target=\"_blank\" class=\"share-btn twitter\">\n        Share on X\n    <\/a>\n<\/div>\n\n\t\t<\/div>\n\t<\/div>\n<div class=\"spacer\" style=\"--space-sm: 1px;--space-md: 1px;--space-lg: 1px;--space-xl: 1px;\"><\/div><div class=\"vc_separator wpb_content_element vc_separator_align_center vc_sep_width_100 vc_sep_pos_align_center vc_separator_no_text\" ><span class=\"vc_sep_holder vc_sep_holder_l\"><span style=\"border-color:#36778b;\" class=\"vc_sep_line\"><\/span><\/span><span class=\"vc_sep_holder vc_sep_holder_r\"><span style=\"border-color:#36778b;\" class=\"vc_sep_line\"><\/span><\/span>\n<\/div><div class=\"spacer\" style=\"--space-sm: 30px;--space-md: 30px;--space-lg: 30px;--space-xl: 30px;\"><\/div>\n\t<div  class=\"wpb_single_image wpb_content_element vc_align_center\">\n\t\t\n\t\t<figure class=\"wpb_wrapper vc_figure\">\n\t\t\t<a href=\"https:\/\/nmf.profundo.no\/medlem\" target=\"_self\" class=\"vc_single_image-wrapper vc_box_rounded  vc_box_border_grey\" rel=\"noopener\"><img loading=\"lazy\" decoding=\"async\" width=\"958\" height=\"539\" src=\"https:\/\/nmf.no\/wp-content\/uploads\/2024\/11\/Hjelp-oss-a-ta-vare-pa-miljoet_plakat-958x539-1.webp\" class=\"vc_single_image-img attachment-full\" alt=\"\" title=\"Hjelp-oss-\u00e5-ta-vare-p\u00e5-milj\u00f8et_plakat-958x539 (1)\" srcset=\"https:\/\/nmf.no\/wp-content\/uploads\/2024\/11\/Hjelp-oss-a-ta-vare-pa-miljoet_plakat-958x539-1.webp 958w, https:\/\/nmf.no\/wp-content\/uploads\/2024\/11\/Hjelp-oss-a-ta-vare-pa-miljoet_plakat-958x539-1-300x169.webp 300w, https:\/\/nmf.no\/wp-content\/uploads\/2024\/11\/Hjelp-oss-a-ta-vare-pa-miljoet_plakat-958x539-1-768x432.webp 768w, https:\/\/nmf.no\/wp-content\/uploads\/2024\/11\/Hjelp-oss-a-ta-vare-pa-miljoet_plakat-958x539-1-320x180.webp 320w, https:\/\/nmf.no\/wp-content\/uploads\/2024\/11\/Hjelp-oss-a-ta-vare-pa-miljoet_plakat-958x539-1-420x236.webp 420w, https:\/\/nmf.no\/wp-content\/uploads\/2024\/11\/Hjelp-oss-a-ta-vare-pa-miljoet_plakat-958x539-1-576x324.webp 576w\" sizes=\"auto, (max-width: 958px) 100vw, 958px\"><\/a>\n\t\t<\/figure>\n\t<\/div>\n<\/div><\/div><\/div><div class=\"wpb_column vc_column_container vc_col-sm-2\"><div class=\"vc_column-inner\"><div class=\"wpb_wrapper\"><\/div><\/div><\/div><\/div>\n<\/div>","protected":false},"excerpt":{"rendered":"<p> [&#8230;]<\/p>\n<p><a class=\"btn btn-secondary vidiflex-read-more-link\" href=\"https:\/\/nmf.no\/en\/kampen-mot-svartelistede-lupiner-pa-ny-vei\/\">Read More&#8230;<\/a><\/p>\n","protected":false},"author":2,"featured_media":4402,"comment_status":"closed","ping_status":"open","sticky":false,"template":"","format":"standard","meta":{"footnotes":""},"categories":[19],"tags":[],"class_list":["post-4400","post","type-post","status-publish","format-standard","has-post-thumbnail","hentry","category-artsmangfold"],"acf":[],"_links":{"self":[{"href":"https:\/\/nmf.no\/en\/wp-json\/wp\/v2\/posts\/4400","targetHints":{"allow":["GET"]}}],"collection":[{"href":"https:\/\/nmf.no\/en\/wp-json\/wp\/v2\/posts"}],"about":[{"href":"https:\/\/nmf.no\/en\/wp-json\/wp\/v2\/types\/post"}],"author":[{"embeddable":true,"href":"https:\/\/nmf.no\/en\/wp-json\/wp\/v2\/users\/2"}],"replies":[{"embeddable":true,"href":"https:\/\/nmf.no\/en\/wp-json\/wp\/v2\/comments?post=4400"}],"version-history":[{"count":4,"href":"https:\/\/nmf.no\/en\/wp-json\/wp\/v2\/posts\/4400\/revisions"}],"predecessor-version":[{"id":4406,"href":"https:\/\/nmf.no\/en\/wp-json\/wp\/v2\/posts\/4400\/revisions\/4406"}],"wp:featuredmedia":[{"embeddable":true,"href":"https:\/\/nmf.no\/en\/wp-json\/wp\/v2\/media\/4402"}],"wp:attachment":[{"href":"https:\/\/nmf.no\/en\/wp-json\/wp\/v2\/media?parent=4400"}],"wp:term":[{"taxonomy":"category","embeddable":true,"href":"https:\/\/nmf.no\/en\/wp-json\/wp\/v2\/categories?post=4400"},{"taxonomy":"post_tag","embeddable":true,"href":"https:\/\/nmf.no\/en\/wp-json\/wp\/v2\/tags?post=4400"}],"curies":[{"name":"wp","href":"https:\/\/api.w.org\/{rel}","templated":true}]}}