{"id":5710,"date":"2025-11-17T14:35:47","date_gmt":"2025-11-17T13:35:47","guid":{"rendered":"https:\/\/nmf.no\/?p=5710"},"modified":"2025-11-18T09:52:57","modified_gmt":"2025-11-18T08:52:57","slug":"tannborster-og-plastavfall-fra-jordan-forsopler-finnskogen-nmf-ber-orkla-ta-ansvar","status":"publish","type":"post","link":"https:\/\/nmf.no\/en\/tannborster-og-plastavfall-fra-jordan-forsopler-finnskogen-nmf-ber-orkla-ta-ansvar\/","title":{"rendered":"Tannb\u00f8rster og plastavfall fra Jordan fors\u00f8pler finnskogen &#8211; NMF ber Orkla ta ansvar"},"content":{"rendered":"<div class=\"wpb-content-wrapper\"><div id=\"oppdatering-mars-2023\" class=\"vc_row wpb_row vc_row-fluid saker-row\"><div class=\"wpb_column vc_column_container vc_col-sm-2\"><div class=\"vc_column-inner\"><div class=\"wpb_wrapper\"><\/div><\/div><\/div><div class=\"wpb_column vc_column_container vc_col-sm-8\"><div class=\"vc_column-inner\"><div class=\"wpb_wrapper\"><div class=\"spacer\" style=\"--space-sm: 0px;--space-md: 30px;--space-lg: 30px;--space-xl: 30px;\"><\/div><div class=\"spacer\" style=\"--space-sm: 5px;--space-md: 30px;--space-lg: 30px;--space-xl: 30px;\"><\/div><div class=\"spacer\" style=\"--space-sm: 15px;--space-md: 15px;--space-lg: 15px;--space-xl: 15px;\"><\/div><div class=\"header left\"><h2 class=\"font-size-xss\" title=\"Tannb\u00f8rster og plastavfall fra Jordan fors\u00f8pler finnskogen - NMF ber Orkla ta ansvar\" >Tannb\u00f8rster og plastavfall fra Jordan fors\u00f8pler finnskogen - NMF ber Orkla ta ansvar<\/h2><\/div>\n\t<div class=\"wpb_text_column wpb_content_element\" >\n\t\t<div class=\"wpb_wrapper\">\n\t\t\t<h6>Publisert dato 17.11.2025\u00a0 Skrevet av: Jon Bakke<\/h6>\n\n\t\t<\/div>\n\t<\/div>\n\n\t<div class=\"wpb_text_column wpb_content_element\" >\n\t\t<div class=\"wpb_wrapper\">\n\t\t\t<p>Norges Milj\u00f8vernforbund (NMF) vil ikke lenger se, uten \u00e5 reagere, p\u00e5 at store mengder<br \/>\nplasts\u00f8ppel fortsatt blir liggende igjen i naturen fordi man ikke kan bli enige om hvem som<br \/>\nskal ta regningen. Vi jobber dag ut og dag inn for \u00e5 rydde opp i plastforurensning og vil helst<br \/>\nstoppe slik forurensning ved kilden. Vi er derfor sikre p\u00e5 EN ting: Naturen skal ikke ha<br \/>\nplasts\u00f8ppelet eller denne regningen!<\/p>\n\n\t\t<\/div>\n\t<\/div>\n<div class=\"spacer\" style=\"--space-sm: 5px;--space-md: 20px;--space-lg: 20px;--space-xl: 20px;\"><\/div>\n\t\t\t<figure class=\"standard-image no-caption saker-img none\">\n\t\t\t\t<img loading=\"lazy\" decoding=\"async\" width=\"936\" height=\"624\" src=\"https:\/\/nmf.no\/wp-content\/uploads\/2025\/11\/DSCF5842.jpg\" class=\"attachment- size-\" alt=\"\" srcset=\"https:\/\/nmf.no\/wp-content\/uploads\/2025\/11\/DSCF5842.jpg 936w, https:\/\/nmf.no\/wp-content\/uploads\/2025\/11\/DSCF5842-300x200.jpg 300w, https:\/\/nmf.no\/wp-content\/uploads\/2025\/11\/DSCF5842-768x512.jpg 768w, https:\/\/nmf.no\/wp-content\/uploads\/2025\/11\/DSCF5842-18x12.jpg 18w, https:\/\/nmf.no\/wp-content\/uploads\/2025\/11\/DSCF5842-320x213.jpg 320w, https:\/\/nmf.no\/wp-content\/uploads\/2025\/11\/DSCF5842-420x280.jpg 420w, https:\/\/nmf.no\/wp-content\/uploads\/2025\/11\/DSCF5842-576x384.jpg 576w\" sizes=\"auto, (max-width: 936px) 100vw, 936px\">\n\t\t\t\t\n\t\t\t<\/figure><div class=\"spacer\" style=\"--space-sm: 5px;--space-md: 10px;--space-lg: 10px;--space-xl: 10px;\"><\/div>\n\t<div class=\"wpb_text_column wpb_content_element\" >\n\t\t<div class=\"wpb_wrapper\">\n\t\t\t<h4><strong>Et skjult plastdeponi med store milj\u00f8konsekvenser<\/strong><\/h4>\n<p>Det tar lang tid for denne type plast brytes ned til mindre partikler, men det skjer etter hvert og<br \/>\ndet ender i bekken, videre til elven og havet, for s\u00e5 \u00e5 bli en u\u00f8nsket og sv\u00e6rt farlig del av v\u00e5r<br \/>\nn\u00e6ringskjede og naturens kretsl\u00f8p. Dyr lever beviselig i dette omr\u00e5det og fors\u00f8plingen er<br \/>\nb\u00e5de skadelig og farlig for dem. Det er uverdig at v\u00e5rt s\u00f8ppel \u00f8delegger deres leveomr\u00e5der.<\/p>\n<p>Fakta er det liten tvil om. Jordan har i sin tid, i en periode p\u00e5 over 10 \u00e5r, f\u00e5tt dumpet<br \/>\nplastavfallet sitt, etter avtale med dav\u00e6rende grunneier, p\u00e5 den private eiendommen.<br \/>\nDav\u00e6rende grunneier lever ikke lenger og eiendommen er n\u00e5 p\u00e5 nye hender.<\/p>\n<p>Mengden antas \u00e5 v\u00e6re p\u00e5 flere tusen kubikk med tannb\u00f8rster, oppvaskb\u00f8rster og annet<br \/>\nplastavfall. Vi er fullstendig klar over at ogs\u00e5 andre har f\u00e5tt dumpe avfall her, men plastavfallet<br \/>\ner altoverskyggende. Vi er ogs\u00e5 kjent med at dette s\u00f8ppeldeponiet ikke er det eneste av sitt<br \/>\nslag i omr\u00e5det og ber om at Orkla ser p\u00e5 et eventuelt ansvar her.<\/p>\n\n\t\t<\/div>\n\t<\/div>\n<div class=\"spacer\" style=\"--space-sm: 18px;--space-md: 18px;--space-lg: 18px;--space-xl: 18px;\"><\/div>\n\t\t\t<figure class=\"standard-image no-caption saker-img none\">\n\t\t\t\t<img loading=\"lazy\" decoding=\"async\" width=\"936\" height=\"624\" src=\"https:\/\/nmf.no\/wp-content\/uploads\/2025\/11\/DSCF5833.jpg\" class=\"attachment- size-\" alt=\"\" srcset=\"https:\/\/nmf.no\/wp-content\/uploads\/2025\/11\/DSCF5833.jpg 936w, https:\/\/nmf.no\/wp-content\/uploads\/2025\/11\/DSCF5833-300x200.jpg 300w, https:\/\/nmf.no\/wp-content\/uploads\/2025\/11\/DSCF5833-768x512.jpg 768w, https:\/\/nmf.no\/wp-content\/uploads\/2025\/11\/DSCF5833-18x12.jpg 18w, https:\/\/nmf.no\/wp-content\/uploads\/2025\/11\/DSCF5833-320x213.jpg 320w, https:\/\/nmf.no\/wp-content\/uploads\/2025\/11\/DSCF5833-420x280.jpg 420w, https:\/\/nmf.no\/wp-content\/uploads\/2025\/11\/DSCF5833-576x384.jpg 576w\" sizes=\"auto, (max-width: 936px) 100vw, 936px\">\n\t\t\t\t\n\t\t\t<\/figure><div class=\"spacer\" style=\"--space-sm: 5px;--space-md: 5px;--space-lg: 5px;--space-xl: 5px;\"><\/div>\n\t<div class=\"wpb_text_column wpb_content_element\" >\n\t\t<div class=\"wpb_wrapper\">\n\t\t\t<h4><strong>Hvorfor Orkla b\u00f8r holdes ansvarlig<\/strong><\/h4>\n<p>Orkla eier Jordan etter overtakelse i 2012, s\u00e5 det er v\u00e5r oppfatning at et eventuelt ansvar for<br \/>\nplasts\u00f8ppelets opprinnelse ligger hos dem. Rent juridisk er det nok mulig for Orkla \u00e5 legge<br \/>\nansvaret over p\u00e5 dagens grunneier og \/eller \u00c5snes Kommune. Vi finner dette i beste fall<br \/>\nurimelig men uansett moralsk forkastelig.<\/p>\n<p>Vi velger derfor \u00e5 anmode Orkla om \u00e5 se p\u00e5 analogien med objektivt ansvar:<br \/>\nobjektivt ansvar \u2013 Store norske leksikon<\/p>\n<blockquote><p>\nP\u00e5 ulovfestet grunnlag kan objektivt erstatningsansvar p\u00e5legges hvor den tingen eller<br \/>\nvirksomheten som gj\u00f8r skade, representerer et s\u00e6rpreget faremoment og en stadig risiko for<br \/>\nomgivelsene som m\u00e5 overstige dagliglivets risiko.\n<\/p><\/blockquote>\n<p>Ved lov er det videre blant annet p\u00e5lagt objektivt ansvar for skade voldt av produkter som<br \/>\nlider av en sikkerhetsmangel, av dyr, og skader voldt ved luftfartsvirksomhet og jernbanedrift.<br \/>\nFor skade voldt av motorvogner og for yrkesskader er det innf\u00f8rt forsikringsordninger som<br \/>\nsikrer skadelidte, selv om ingen er skyld i skaden.<\/p>\n<p>Regler om objektivt ansvar for skader som f\u00f8lge av forurensning fins i forurensningsloven.\u00bb<br \/>\nDet vises her til \u00abLov om vern mot forurensninger og om avfall (forurensningsloven) \u2013 Kapittel<br \/>\n8. Erstatning for forurensningsskade.<\/p>\n\n\t\t<\/div>\n\t<\/div>\n<div class=\"spacer\" style=\"--space-sm: 18px;--space-md: 18px;--space-lg: 18px;--space-xl: 18px;\"><\/div>\n\t\t\t<figure class=\"standard-image no-caption saker-img none\">\n\t\t\t\t<img loading=\"lazy\" decoding=\"async\" width=\"936\" height=\"624\" src=\"https:\/\/nmf.no\/wp-content\/uploads\/2025\/11\/DSCF5832.jpg\" class=\"attachment- size-\" alt=\"\" srcset=\"https:\/\/nmf.no\/wp-content\/uploads\/2025\/11\/DSCF5832.jpg 936w, https:\/\/nmf.no\/wp-content\/uploads\/2025\/11\/DSCF5832-300x200.jpg 300w, https:\/\/nmf.no\/wp-content\/uploads\/2025\/11\/DSCF5832-768x512.jpg 768w, https:\/\/nmf.no\/wp-content\/uploads\/2025\/11\/DSCF5832-18x12.jpg 18w, https:\/\/nmf.no\/wp-content\/uploads\/2025\/11\/DSCF5832-320x213.jpg 320w, https:\/\/nmf.no\/wp-content\/uploads\/2025\/11\/DSCF5832-420x280.jpg 420w, https:\/\/nmf.no\/wp-content\/uploads\/2025\/11\/DSCF5832-576x384.jpg 576w\" sizes=\"auto, (max-width: 936px) 100vw, 936px\">\n\t\t\t\t\n\t\t\t<\/figure><div class=\"spacer\" style=\"--space-sm: 5px;--space-md: 5px;--space-lg: 5px;--space-xl: 5px;\"><\/div>\n\t<div class=\"wpb_text_column wpb_content_element\" >\n\t\t<div class=\"wpb_wrapper\">\n\t\t\t<h4><strong>Jordan vet hvordan?<\/strong><\/h4>\n<p>\u00abJordan visste hvordan\u00bb man skulle kvitte seg med s\u00f8ppelet den gang. N\u00e5 er det \u00abOrkla som<br \/>\nvet hvordan\u00bb man skal behandle plastavfall i dag. Vi lover, i all offentlighet, \u00e5 minne dere p\u00e5<br \/>\ndette om dere skulle glemme det.<\/p>\n<p>Det er mulig \u00e5 gj\u00f8re det riktige ASAP og eventuelt krangle om ansvar og regningen i ettertid.<br \/>\nS\u00c5 Orkla: Ta regningen og f\u00e5 ros, IKKE bli sittende igjen med \u00abskammen\u00bb og et<br \/>\nd\u00e5rlig rykte.<\/p>\n\n\t\t<\/div>\n\t<\/div>\n<div class=\"spacer\" style=\"--space-sm: 1px;--space-md: 1px;--space-lg: 1px;--space-xl: 1px;\"><\/div>\n\t<div class=\"wpb_raw_code wpb_content_element wpb_raw_html\" >\n\t\t<div class=\"wpb_wrapper\">\n\t\t\t<div class=\"social-share-buttons\">\n    <a href=\"https:\/\/www.facebook.com\/sharer\/sharer.php?u=https:\/\/nmf.no\/tannborster-og-plastavfall-fra-jordan-forsopler-finnskogen-nmf-ber-orkla-ta-ansvar\/\" target=\"_blank\" class=\"share-btn facebook\">\n        Share on Facebook\n    <\/a>\n    <a href=\"https:\/\/twitter.com\/intent\/tweet?url=https:\/\/nmf.no\/tannborster-og-plastavfall-fra-jordan-forsopler-finnskogen-nmf-ber-orkla-ta-ansvar\/\" target=\"_blank\" class=\"share-btn twitter\">\n        Share on X\n    <\/a>\n<\/div>\n\n\t\t<\/div>\n\t<\/div>\n<div class=\"spacer\" style=\"--space-sm: 1px;--space-md: 1px;--space-lg: 1px;--space-xl: 1px;\"><\/div><div class=\"vc_separator wpb_content_element vc_separator_align_center vc_sep_width_100 vc_sep_pos_align_center vc_separator_no_text\" ><span class=\"vc_sep_holder vc_sep_holder_l\"><span style=\"border-color:#36778b;\" class=\"vc_sep_line\"><\/span><\/span><span class=\"vc_sep_holder vc_sep_holder_r\"><span style=\"border-color:#36778b;\" class=\"vc_sep_line\"><\/span><\/span>\n<\/div><div class=\"spacer\" style=\"--space-sm: 30px;--space-md: 30px;--space-lg: 30px;--space-xl: 30px;\"><\/div>\n\t<div  class=\"wpb_single_image wpb_content_element vc_align_center\">\n\t\t\n\t\t<figure class=\"wpb_wrapper vc_figure\">\n\t\t\t<a href=\"https:\/\/nmf.profundo.no\/medlem\" target=\"_self\" class=\"vc_single_image-wrapper vc_box_rounded  vc_box_border_grey\" rel=\"noopener\"><img loading=\"lazy\" decoding=\"async\" width=\"958\" height=\"539\" src=\"https:\/\/nmf.no\/wp-content\/uploads\/2024\/11\/Hjelp-oss-a-ta-vare-pa-miljoet_plakat-958x539-1.webp\" class=\"vc_single_image-img attachment-full\" alt=\"\" title=\"Hjelp-oss-\u00e5-ta-vare-p\u00e5-milj\u00f8et_plakat-958x539 (1)\" srcset=\"https:\/\/nmf.no\/wp-content\/uploads\/2024\/11\/Hjelp-oss-a-ta-vare-pa-miljoet_plakat-958x539-1.webp 958w, https:\/\/nmf.no\/wp-content\/uploads\/2024\/11\/Hjelp-oss-a-ta-vare-pa-miljoet_plakat-958x539-1-300x169.webp 300w, https:\/\/nmf.no\/wp-content\/uploads\/2024\/11\/Hjelp-oss-a-ta-vare-pa-miljoet_plakat-958x539-1-768x432.webp 768w, https:\/\/nmf.no\/wp-content\/uploads\/2024\/11\/Hjelp-oss-a-ta-vare-pa-miljoet_plakat-958x539-1-320x180.webp 320w, https:\/\/nmf.no\/wp-content\/uploads\/2024\/11\/Hjelp-oss-a-ta-vare-pa-miljoet_plakat-958x539-1-420x236.webp 420w, https:\/\/nmf.no\/wp-content\/uploads\/2024\/11\/Hjelp-oss-a-ta-vare-pa-miljoet_plakat-958x539-1-576x324.webp 576w\" sizes=\"auto, (max-width: 958px) 100vw, 958px\"><\/a>\n\t\t<\/figure>\n\t<\/div>\n<\/div><\/div><\/div><div class=\"wpb_column vc_column_container vc_col-sm-2\"><div class=\"vc_column-inner\"><div class=\"wpb_wrapper\"><\/div><\/div><\/div><\/div>\n<\/div>","protected":false},"excerpt":{"rendered":"<p> [&#8230;]<\/p>\n<p><a class=\"btn btn-secondary vidiflex-read-more-link\" href=\"https:\/\/nmf.no\/en\/tannborster-og-plastavfall-fra-jordan-forsopler-finnskogen-nmf-ber-orkla-ta-ansvar\/\">Read More&#8230;<\/a><\/p>\n","protected":false},"author":2,"featured_media":5715,"comment_status":"closed","ping_status":"open","sticky":false,"template":"","format":"standard","meta":{"footnotes":""},"categories":[20],"tags":[],"class_list":["post-5710","post","type-post","status-publish","format-standard","has-post-thumbnail","hentry","category-miljogifter"],"acf":[],"_links":{"self":[{"href":"https:\/\/nmf.no\/en\/wp-json\/wp\/v2\/posts\/5710","targetHints":{"allow":["GET"]}}],"collection":[{"href":"https:\/\/nmf.no\/en\/wp-json\/wp\/v2\/posts"}],"about":[{"href":"https:\/\/nmf.no\/en\/wp-json\/wp\/v2\/types\/post"}],"author":[{"embeddable":true,"href":"https:\/\/nmf.no\/en\/wp-json\/wp\/v2\/users\/2"}],"replies":[{"embeddable":true,"href":"https:\/\/nmf.no\/en\/wp-json\/wp\/v2\/comments?post=5710"}],"version-history":[{"count":8,"href":"https:\/\/nmf.no\/en\/wp-json\/wp\/v2\/posts\/5710\/revisions"}],"predecessor-version":[{"id":5753,"href":"https:\/\/nmf.no\/en\/wp-json\/wp\/v2\/posts\/5710\/revisions\/5753"}],"wp:featuredmedia":[{"embeddable":true,"href":"https:\/\/nmf.no\/en\/wp-json\/wp\/v2\/media\/5715"}],"wp:attachment":[{"href":"https:\/\/nmf.no\/en\/wp-json\/wp\/v2\/media?parent=5710"}],"wp:term":[{"taxonomy":"category","embeddable":true,"href":"https:\/\/nmf.no\/en\/wp-json\/wp\/v2\/categories?post=5710"},{"taxonomy":"post_tag","embeddable":true,"href":"https:\/\/nmf.no\/en\/wp-json\/wp\/v2\/tags?post=5710"}],"curies":[{"name":"wp","href":"https:\/\/api.w.org\/{rel}","templated":true}]}}