{"id":6352,"date":"2026-01-06T15:14:32","date_gmt":"2026-01-06T14:14:32","guid":{"rendered":"https:\/\/nmf.no\/?p=6352"},"modified":"2026-01-06T19:54:36","modified_gmt":"2026-01-06T18:54:36","slug":"privat-fyrverkeri-en-unodvendig-tradisjon-og-en-egotripp-med-store-konsekvenser","status":"publish","type":"post","link":"https:\/\/nmf.no\/en\/privat-fyrverkeri-en-unodvendig-tradisjon-og-en-egotripp-med-store-konsekvenser\/","title":{"rendered":"Privat fyrverkeri, en un\u00f8dvendig tradisjon og en egotripp med store konsekvenser!"},"content":{"rendered":"<div class=\"wpb-content-wrapper\"><div id=\"oppdatering-mars-2023\" class=\"vc_row wpb_row vc_row-fluid saker-row\"><div class=\"wpb_column vc_column_container vc_col-sm-2\"><div class=\"vc_column-inner\"><div class=\"wpb_wrapper\"><\/div><\/div><\/div><div class=\"wpb_column vc_column_container vc_col-sm-8\"><div class=\"vc_column-inner\"><div class=\"wpb_wrapper\"><div class=\"spacer\" style=\"--space-sm: 0px;--space-md: 30px;--space-lg: 30px;--space-xl: 30px;\"><\/div><div class=\"spacer\" style=\"--space-sm: 5px;--space-md: 30px;--space-lg: 30px;--space-xl: 30px;\"><\/div><div class=\"spacer\" style=\"--space-sm: 15px;--space-md: 15px;--space-lg: 15px;--space-xl: 15px;\"><\/div><div class=\"header left\"><h2 class=\"font-size-xss\" title=\"Privat fyrverkeri, en un\u00f8dvendig tradisjon og en egotripp med store konsekvenser!\" >Privat fyrverkeri, en un\u00f8dvendig tradisjon og en egotripp med store konsekvenser!<\/h2><\/div>\n\t<div class=\"wpb_text_column wpb_content_element\" >\n\t\t<div class=\"wpb_wrapper\">\n\t\t\t<h6>Publisert dato 06.01.2026\u00a0 Skrevet av: Ruben Oddekalv<\/h6>\n\n\t\t<\/div>\n\t<\/div>\n\n\t<div class=\"wpb_text_column wpb_content_element\" >\n\t\t<div class=\"wpb_wrapper\">\n\t\t\t<p>N\u00e5r \u00e5ret g\u00e5r mot slutten, senker mange tempoet og s\u00f8ker ro, fellesskap og ettertanke. Likevel avsluttes juleh\u00f8ytiden \u00e5r etter \u00e5r med en praksis som st\u00e5r i skarp kontrast til nettopp disse verdiene: privat fyrverkeri. Milj\u00f8vernforbundet sier tydelig nei, og vi gjennomf\u00f8rer v\u00e5re markeringer for \u00e5 bidra til den n\u00f8dvendige debatten: B\u00f8r ikke tiden for privat fyrverkeri v\u00e6re over?<\/p>\n\n\t\t<\/div>\n\t<\/div>\n<div class=\"spacer\" style=\"--space-sm: 5px;--space-md: 20px;--space-lg: 20px;--space-xl: 20px;\"><\/div>\n\t\t\t<figure class=\"standard-image no-caption saker-img none\">\n\t\t\t\t<img loading=\"lazy\" decoding=\"async\" width=\"1200\" height=\"675\" src=\"https:\/\/nmf.no\/wp-content\/uploads\/2026\/01\/jamie-fenn-PEVG_cqrIVo-unsplash.jpg\" class=\"attachment- size-\" alt=\"\" srcset=\"https:\/\/nmf.no\/wp-content\/uploads\/2026\/01\/jamie-fenn-PEVG_cqrIVo-unsplash.jpg 1200w, https:\/\/nmf.no\/wp-content\/uploads\/2026\/01\/jamie-fenn-PEVG_cqrIVo-unsplash-300x169.jpg 300w, https:\/\/nmf.no\/wp-content\/uploads\/2026\/01\/jamie-fenn-PEVG_cqrIVo-unsplash-1024x576.jpg 1024w, https:\/\/nmf.no\/wp-content\/uploads\/2026\/01\/jamie-fenn-PEVG_cqrIVo-unsplash-768x432.jpg 768w, https:\/\/nmf.no\/wp-content\/uploads\/2026\/01\/jamie-fenn-PEVG_cqrIVo-unsplash-18x10.jpg 18w, https:\/\/nmf.no\/wp-content\/uploads\/2026\/01\/jamie-fenn-PEVG_cqrIVo-unsplash-320x180.jpg 320w, https:\/\/nmf.no\/wp-content\/uploads\/2026\/01\/jamie-fenn-PEVG_cqrIVo-unsplash-420x236.jpg 420w, https:\/\/nmf.no\/wp-content\/uploads\/2026\/01\/jamie-fenn-PEVG_cqrIVo-unsplash-576x324.jpg 576w, https:\/\/nmf.no\/wp-content\/uploads\/2026\/01\/jamie-fenn-PEVG_cqrIVo-unsplash-992x558.jpg 992w\" sizes=\"auto, (max-width: 1200px) 100vw, 1200px\">\n\t\t\t\t\n\t\t\t<\/figure><div class=\"spacer\" style=\"--space-sm: 5px;--space-md: 10px;--space-lg: 10px;--space-xl: 10px;\"><\/div>\n\t<div class=\"wpb_text_column wpb_content_element\" >\n\t\t<div class=\"wpb_wrapper\">\n\t\t\t<p>Julen forbindes for mange med n\u00e6rhet, stillhet og omtanke. Tradisjonelt har dette v\u00e6rt en tid for \u00e5 verdsette det n\u00e6re og det varige, ikke det mest h\u00f8ylytte og kortvarige. Likevel har b\u00e5de julen og nytt\u00e5rsfeiringen i stadig st\u00f8rre grad blitt en arena for overforbruk. Der kj\u00f8pepresset kulminerer i desember, avsluttes festen med at hundrevis av millioner kroner bokstavelig talt sprenges opp i lufta p\u00e5 nytt\u00e5rsaften.<\/p>\n<h4><strong>Fyrverkeriets konsekvenser<\/strong><\/h4>\n<p data-start=\"584\" data-end=\"1090\">For dyrene er denne natten alt annet enn en feiring. Privat fyrverkeri utsetter b\u00e5de tamme og ville dyr for ekstremt stress og frykt. Mange husdyr og kj\u00e6ledyr blir paralysert av redsel, ikke bare i timene rundt midnatt, men i dagevis f\u00f8r og etter. De slutter \u00e5 spise, skjelver, fors\u00f8ker \u00e5 gjemme seg eller r\u00f8mme, og enkelte utvikler varige angstreaksjoner. For mange dyreeiere er nytt\u00e5rshelgen en kamp for \u00e5 skjerme dyr som ikke forst\u00e5r hva som skjer, og som ikke har noen mulighet til \u00e5 flykte fra st\u00f8yen.<\/p>\n<p data-start=\"1092\" data-end=\"1669\">For ville dyr og fugler er situasjonen enda mer alvorlig. Fyrverkeriet kommer helt uten forvarsel. Hele deres sanseverden blir p\u00e5 f\u00e5 sekunder fylt av eksplosjoner, lysglimt og trykkb\u00f8lger. I panikk flykter dyr fra kjente omr\u00e5der, uten \u00e5 ha trygge steder \u00e5 gjemme seg. Fugler skremmes p\u00e5 vingene midt p\u00e5 natten, ofte i tettbygde str\u00f8k, og tvinges til \u00e5 fly gjennom en himmel som bokstavelig talt eksploderer rundt dem. Mange mister orienteringen, kolliderer med bygninger, kraftlinjer og hverandre, eller bruker livsviktig energi i en periode der den egentlig skulle v\u00e6rt spart.<\/p>\n<p data-start=\"1671\" data-end=\"1840\">Alt dette skjer ikke som enkeltst\u00e5ende hendelser, men hvert eneste \u00e5r, over hele landet. Det er en systematisk p\u00e5f\u00f8ring av lidelse, kun for noen minutters underholdning.<\/p>\n<p>Samtidig er nytt\u00e5rsaften \u00e5rets mest forurensede dag. Store mengder plast, tungmetaller og kjemikalier slippes ut i luft, jord og vann p\u00e5 sv\u00e6rt kort tid. Dette er stoffer som ikke forsvinner, men som blir v\u00e6rende i naturen og i n\u00e6ringskjedene, ogs\u00e5 i omr\u00e5dene der dyrene allerede lever under press<\/p>\n\n\t\t<\/div>\n\t<\/div>\n<div class=\"spacer\" style=\"--space-sm: 18px;--space-md: 18px;--space-lg: 18px;--space-xl: 18px;\"><\/div>\n\t\t\t<figure class=\"standard-image no-caption saker-img none\">\n\t\t\t\t<img loading=\"lazy\" decoding=\"async\" width=\"1200\" height=\"763\" src=\"https:\/\/nmf.no\/wp-content\/uploads\/2026\/01\/IMG_1720.jpg\" class=\"attachment- size-\" alt=\"\" srcset=\"https:\/\/nmf.no\/wp-content\/uploads\/2026\/01\/IMG_1720.jpg 1200w, https:\/\/nmf.no\/wp-content\/uploads\/2026\/01\/IMG_1720-300x191.jpg 300w, https:\/\/nmf.no\/wp-content\/uploads\/2026\/01\/IMG_1720-1024x651.jpg 1024w, https:\/\/nmf.no\/wp-content\/uploads\/2026\/01\/IMG_1720-768x488.jpg 768w, https:\/\/nmf.no\/wp-content\/uploads\/2026\/01\/IMG_1720-18x12.jpg 18w, https:\/\/nmf.no\/wp-content\/uploads\/2026\/01\/IMG_1720-320x203.jpg 320w, https:\/\/nmf.no\/wp-content\/uploads\/2026\/01\/IMG_1720-420x267.jpg 420w, https:\/\/nmf.no\/wp-content\/uploads\/2026\/01\/IMG_1720-576x366.jpg 576w, https:\/\/nmf.no\/wp-content\/uploads\/2026\/01\/IMG_1720-992x631.jpg 992w\" sizes=\"auto, (max-width: 1200px) 100vw, 1200px\">\n\t\t\t\t\n\t\t\t<\/figure><div class=\"spacer\" style=\"--space-sm: 5px;--space-md: 5px;--space-lg: 5px;--space-xl: 5px;\"><\/div>\n\t<div class=\"wpb_text_column wpb_content_element\" >\n\t\t<div class=\"wpb_wrapper\">\n\t\t\t<p data-start=\"2188\" data-end=\"3026\">Det er i dette bildet v\u00e5re markeringer med \u00abbrenning av penger\u00bb m\u00e5 forst\u00e5s. N\u00e5r vi, ved Ruben Oddekalv, har valgt \u00e5 tenne p\u00e5 \u00abpengesedler\u00bb foran fyrverkeriutsalg, er det ikke for \u00e5 provosere for provokasjonens skyld. Det er et symbolsk grep for \u00e5 vise hvor absurd denne pengebruken er, og for \u00e5 synliggj\u00f8re kontrasten mellom hva vi bruker enorme summer p\u00e5, og hvilke konsekvenser det faktisk har. Sedlene representerer de hundrevis av millionene som hvert \u00e5r brukes p\u00e5 en aktivitet som p\u00e5f\u00f8rer dyr lidelse, naturen skade og samfunnet un\u00f8dvendige kostnader. Og vi \u00f8nsker at folk skal vurdere om det er etisk \u00e5 bruke s\u00e5 mye p\u00e5 s\u00e5 lite, n\u00e5r det er s\u00e5 mange andre ting i samfunnet som trenger midler. Hva kunne v\u00e6rt gjort for de 500 millionene dersom de ble brukt til milj\u00f8vern, folkehjelp eller en verdig julefeiring for de som ikke har r\u00e5d?<\/p>\n<p data-start=\"3028\" data-end=\"3377\">Reaksjonene lar sjelden vente p\u00e5 seg. Mange blir sinte. Nettopp derfor er markeringene viktige. N\u00e5r et uttrykk vekker sterke f\u00f8lelser, viser det ogs\u00e5 hvor lite vi som samfunn har \u00f8nsket \u00e5 ta denne debatten. Privat fyrverkeri er blitt en n\u00e6rmest uangripelig tradisjon, til tross for at skadevirkningene for dyr er godt dokumenterte og allment kjente.<\/p>\n<h4 data-start=\"3028\" data-end=\"3377\"><strong>Et ansvarlig alternativ til privat fyrverkeri<\/strong><\/h4>\n<p data-start=\"3436\" data-end=\"3808\">For Milj\u00f8vernforbundet handler motstanden mot privat fyrverkeri om det samme som kritikken av overforbruk ellers i samfunnet: en manglende vilje til \u00e5 redusere forbruk selv n\u00e5r kostnadene for andre er \u00e5penbare. Dyr har ingen stemme i denne debatten. De kan ikke skjerme seg, protestere eller velge bort konsekvensene av v\u00e5re valg. Nettopp derfor f\u00f8ler vi et s\u00e6rlig ansvar.<\/p>\n<p data-start=\"3810\" data-end=\"4421\">Et forbud mot privat fyrverkeri er ikke et angrep p\u00e5 feiring, glede eller fellesskap. Det er et valg om \u00e5 ta dyrevelferd, milj\u00f8 og ansvar p\u00e5 alvor. Stillere, tryggere og mer naturvennlige alternativer finnes allerede, og viser at det er fullt mulig \u00e5 markere overganger uten \u00e5 p\u00e5f\u00f8re lidelse. Om det for mange oppleves som tvingene n\u00f8dvendig har vi ogs\u00e5 pekt p\u00e5 at kommunale oppskytninger, hvor man f\u00e5r konsentrert eksplosjonene til ett enkelt omr\u00e5de kan v\u00e6re akseptabelt for b\u00e5de ville og tamme dyr. Disse vil da kunne trekke seg unna, skjermes av sine eiere og faktiske kunne finne trygge steder \u00e5 gjemme seg.<\/p>\n<p data-start=\"4423\" data-end=\"4575\">V\u00e5rt tydelige nei til privat fyrverkeri er derfor f\u00f8rst og fremst et ja til dyrene. Et ja til naturen. Og et ja til en feiring som ikke skjer p\u00e5 bekostning av dem som ikke har noen mulighet til \u00e5 komme seg unna n\u00e5r himmelen eksploderer.<\/p>\n\n\t\t<\/div>\n\t<\/div>\n\n\t<div class=\"wpb_raw_code wpb_content_element wpb_raw_html\" >\n\t\t<div class=\"wpb_wrapper\">\n\t\t\t<style>\n  .wp-video-carousel {\n    max-width: 900px;\n    margin: 2rem auto;\n    position: relative;\n    border-radius: 12px;\n    overflow: hidden;\n    box-shadow: 0 10px 30px rgba(0,0,0,0.6);\n    background: #000;\n  }\n\n  .wp-video-carousel .slides {\n    display: flex;\n    transition: transform 0.4s ease;\n  }\n\n  \/* FORCE 16:9 FRAME *\/\n  .wp-video-carousel .slide {\n    min-width: 100%;\n    box-sizing: border-box;\n    aspect-ratio: 16 \/ 9;\n    display: flex;\n    flex-direction: column;\n    background: #000;\n  }\n\n  \/* MAKE VERTICAL VIDEO FIT INSIDE *\/\n  .wp-video-carousel video {\n    width: 100%;\n    height: 100%;\n    object-fit: contain;\n    display: block;\n    background: #000;\n  }\n\n  .wp-video-carousel .caption {\n    padding: 0.75rem 1rem;\n    font-size: 0.9rem;\n    line-height: 1.4;\n    color: #fff;\n    background: linear-gradient(\n      to top,\n      rgba(0,0,0,0.85),\n      rgba(0,0,0,0.6)\n    );\n  }\n\n  .wp-video-carousel button {\n    position: absolute;\n    top: 50%;\n    transform: translateY(-50%);\n    background: rgba(0,0,0,0.6);\n    color: #fff;\n    border: none;\n    width: 42px;\n    height: 42px;\n    border-radius: 50%;\n    cursor: pointer;\n    font-size: 1.5rem;\n    line-height: 1;\n    z-index: 10;\n  }\n\n  .wp-video-carousel button:hover {\n    background: rgba(0,0,0,0.85);\n  }\n\n  .wp-video-carousel .prev {\n    left: 10px;\n  }\n\n  .wp-video-carousel .next {\n    right: 10px;\n  }\n\n  \/* OPTIONAL: PREVENT GIANT VIDEOS ON LARGE DESKTOPS *\/\n  @media (min-width: 1024px) {\n    .wp-video-carousel {\n      max-height: 70vh;\n    }\n\n    .wp-video-carousel .slide {\n      height: 70vh;\n    }\n  }\n<\/style>\n\n<div class=\"wp-video-carousel\" data-index=\"0\">\n  <div class=\"slides\">\n\n    <!-- Slide 1 -->\n    <div class=\"slide\">\n      <video controls preload=\"metadata\">\n        <source src=\"https:\/\/nmf.no\/wp-content\/uploads\/2026\/01\/e939d15079c34a3bb145a551c80b3468.mp4\" type=\"video\/mp4\">\n        Nettleseren din st\u00f8tter ikke videoavspilling.\n      <\/video>\n      <div class=\"caption\">\n        NMFs video vekket reaksjoner p\u00e5 nytt\u00e5rsaften\n      <\/div>\n    <\/div>\n\n    <!-- Slide 2 -->\n    <div class=\"slide\">\n      <video controls preload=\"metadata\">\n        <source src=\"https:\/\/nmf.no\/wp-content\/uploads\/2026\/01\/0282cb2eb4fe4a90a8b52c90879ce067.mp4\" type=\"video\/mp4\">\n      <\/video>\n      <div class=\"caption\">Ruben kommenterer p\u00e5 oppmerksomheten rundt videoen.<\/div>\n    <\/div>\n\n  <\/div>\n\n  <button class=\"prev\" aria-label=\"Forrige video\">\u2039<\/button>\n  <button class=\"next\" aria-label=\"Neste video\">\u203a<\/button>\n<\/div>\n\n<script>\n  (function () {\n    const carousel = document.querySelector('.wp-video-carousel');\n    const slides = carousel.querySelector('.slides');\n    const slideCount = carousel.querySelectorAll('.slide').length;\n    const prevBtn = carousel.querySelector('.prev');\n    const nextBtn = carousel.querySelector('.next');\n\n    function updateSlide(index) {\n      carousel.querySelectorAll('video').forEach(v => v.pause());\n      slides.style.transform = `translateX(-${index * 100}%)`;\n      carousel.dataset.index = index;\n    }\n\n    prevBtn.addEventListener('click', () => {\n      let index = parseInt(carousel.dataset.index, 10);\n      index = (index - 1 + slideCount) % slideCount;\n      updateSlide(index);\n    });\n\n    nextBtn.addEventListener('click', () => {\n      let index = parseInt(carousel.dataset.index, 10);\n      index = (index + 1) % slideCount;\n      updateSlide(index);\n    });\n  })();\n<\/script>\n\n\t\t<\/div>\n\t<\/div>\n<div class=\"spacer\" style=\"--space-sm: 1px;--space-md: 1px;--space-lg: 1px;--space-xl: 1px;\"><\/div>\n\t<div class=\"wpb_raw_code wpb_content_element wpb_raw_html\" >\n\t\t<div class=\"wpb_wrapper\">\n\t\t\t<div class=\"social-share-buttons\">\n    <a href=\"https:\/\/www.facebook.com\/sharer\/sharer.php?u=https:\/\/nmf.no\/privat-fyrverkeri-en-unodvendig-tradisjon-og-en-egotripp-med-store-konsekvense\/\" target=\"_blank\" class=\"share-btn facebook\">\n        Share on Facebook\n    <\/a>\n    <a href=\"https:\/\/twitter.com\/intent\/tweet?url=https:\/\/nmf.no\/privat-fyrverkeri-en-unodvendig-tradisjon-og-en-egotripp-med-store-konsekvense\/\/\" target=\"_blank\" class=\"share-btn twitter\">\n        Share on X\n    <\/a>\n<\/div>\n\n\t\t<\/div>\n\t<\/div>\n<div class=\"spacer\" style=\"--space-sm: 1px;--space-md: 1px;--space-lg: 1px;--space-xl: 1px;\"><\/div><div class=\"vc_separator wpb_content_element vc_separator_align_center vc_sep_width_100 vc_sep_pos_align_center vc_separator_no_text\" ><span class=\"vc_sep_holder vc_sep_holder_l\"><span style=\"border-color:#36778b;\" class=\"vc_sep_line\"><\/span><\/span><span class=\"vc_sep_holder vc_sep_holder_r\"><span style=\"border-color:#36778b;\" class=\"vc_sep_line\"><\/span><\/span>\n<\/div><div class=\"spacer\" style=\"--space-sm: 30px;--space-md: 30px;--space-lg: 30px;--space-xl: 30px;\"><\/div>\n\t<div  class=\"wpb_single_image wpb_content_element vc_align_center\">\n\t\t\n\t\t<figure class=\"wpb_wrapper vc_figure\">\n\t\t\t<a href=\"https:\/\/nmf.profundo.no\/medlem\" target=\"_self\" class=\"vc_single_image-wrapper vc_box_rounded  vc_box_border_grey\" rel=\"noopener\"><img loading=\"lazy\" decoding=\"async\" width=\"958\" height=\"539\" src=\"https:\/\/nmf.no\/wp-content\/uploads\/2024\/11\/Hjelp-oss-a-ta-vare-pa-miljoet_plakat-958x539-1.webp\" class=\"vc_single_image-img attachment-full\" alt=\"\" title=\"Hjelp-oss-\u00e5-ta-vare-p\u00e5-milj\u00f8et_plakat-958x539 (1)\" srcset=\"https:\/\/nmf.no\/wp-content\/uploads\/2024\/11\/Hjelp-oss-a-ta-vare-pa-miljoet_plakat-958x539-1.webp 958w, https:\/\/nmf.no\/wp-content\/uploads\/2024\/11\/Hjelp-oss-a-ta-vare-pa-miljoet_plakat-958x539-1-300x169.webp 300w, https:\/\/nmf.no\/wp-content\/uploads\/2024\/11\/Hjelp-oss-a-ta-vare-pa-miljoet_plakat-958x539-1-768x432.webp 768w, https:\/\/nmf.no\/wp-content\/uploads\/2024\/11\/Hjelp-oss-a-ta-vare-pa-miljoet_plakat-958x539-1-320x180.webp 320w, https:\/\/nmf.no\/wp-content\/uploads\/2024\/11\/Hjelp-oss-a-ta-vare-pa-miljoet_plakat-958x539-1-420x236.webp 420w, https:\/\/nmf.no\/wp-content\/uploads\/2024\/11\/Hjelp-oss-a-ta-vare-pa-miljoet_plakat-958x539-1-576x324.webp 576w\" sizes=\"auto, (max-width: 958px) 100vw, 958px\"><\/a>\n\t\t<\/figure>\n\t<\/div>\n<\/div><\/div><\/div><div class=\"wpb_column vc_column_container vc_col-sm-2\"><div class=\"vc_column-inner\"><div class=\"wpb_wrapper\"><\/div><\/div><\/div><\/div>\n<\/div>","protected":false},"excerpt":{"rendered":"<p> [&#8230;]<\/p>\n<p><a class=\"btn btn-secondary vidiflex-read-more-link\" href=\"https:\/\/nmf.no\/en\/privat-fyrverkeri-en-unodvendig-tradisjon-og-en-egotripp-med-store-konsekvenser\/\">Read More&#8230;<\/a><\/p>\n","protected":false},"author":2,"featured_media":6353,"comment_status":"closed","ping_status":"open","sticky":false,"template":"","format":"standard","meta":{"footnotes":""},"categories":[20],"tags":[],"class_list":["post-6352","post","type-post","status-publish","format-standard","has-post-thumbnail","hentry","category-miljogifter"],"acf":[],"_links":{"self":[{"href":"https:\/\/nmf.no\/en\/wp-json\/wp\/v2\/posts\/6352","targetHints":{"allow":["GET"]}}],"collection":[{"href":"https:\/\/nmf.no\/en\/wp-json\/wp\/v2\/posts"}],"about":[{"href":"https:\/\/nmf.no\/en\/wp-json\/wp\/v2\/types\/post"}],"author":[{"embeddable":true,"href":"https:\/\/nmf.no\/en\/wp-json\/wp\/v2\/users\/2"}],"replies":[{"embeddable":true,"href":"https:\/\/nmf.no\/en\/wp-json\/wp\/v2\/comments?post=6352"}],"version-history":[{"count":5,"href":"https:\/\/nmf.no\/en\/wp-json\/wp\/v2\/posts\/6352\/revisions"}],"predecessor-version":[{"id":6363,"href":"https:\/\/nmf.no\/en\/wp-json\/wp\/v2\/posts\/6352\/revisions\/6363"}],"wp:featuredmedia":[{"embeddable":true,"href":"https:\/\/nmf.no\/en\/wp-json\/wp\/v2\/media\/6353"}],"wp:attachment":[{"href":"https:\/\/nmf.no\/en\/wp-json\/wp\/v2\/media?parent=6352"}],"wp:term":[{"taxonomy":"category","embeddable":true,"href":"https:\/\/nmf.no\/en\/wp-json\/wp\/v2\/categories?post=6352"},{"taxonomy":"post_tag","embeddable":true,"href":"https:\/\/nmf.no\/en\/wp-json\/wp\/v2\/tags?post=6352"}],"curies":[{"name":"wp","href":"https:\/\/api.w.org\/{rel}","templated":true}]}}