{"id":6388,"date":"2026-01-12T13:28:57","date_gmt":"2026-01-12T12:28:57","guid":{"rendered":"https:\/\/nmf.no\/?p=6388"},"modified":"2026-01-13T09:15:14","modified_gmt":"2026-01-13T08:15:14","slug":"miljovernforbundet-har-na-sendt-brev-til-kystverket-i-u-864-saken-med-krav-om-umiddelbar-stans-av-planlagte-tokt-2","status":"publish","type":"post","link":"https:\/\/nmf.no\/en\/miljovernforbundet-har-na-sendt-brev-til-kystverket-i-u-864-saken-med-krav-om-umiddelbar-stans-av-planlagte-tokt-2\/","title":{"rendered":"Milj\u00f8vernforbundet har n\u00e5 sendt brev til Kystverket i U-864 saken med krav om umiddelbar stans av planlagte \u00abTokt 2\u00bb"},"content":{"rendered":"<div class=\"wpb-content-wrapper\"><div id=\"oppdatering-mars-2023\" class=\"vc_row wpb_row vc_row-fluid saker-row\"><div class=\"wpb_column vc_column_container vc_col-sm-2\"><div class=\"vc_column-inner\"><div class=\"wpb_wrapper\"><\/div><\/div><\/div><div class=\"wpb_column vc_column_container vc_col-sm-8\"><div class=\"vc_column-inner\"><div class=\"wpb_wrapper\"><div class=\"spacer\" style=\"--space-sm: 0px;--space-md: 30px;--space-lg: 30px;--space-xl: 30px;\"><\/div><div class=\"spacer\" style=\"--space-sm: 5px;--space-md: 30px;--space-lg: 30px;--space-xl: 30px;\"><\/div><div class=\"spacer\" style=\"--space-sm: 15px;--space-md: 15px;--space-lg: 15px;--space-xl: 15px;\"><\/div><div class=\"header left\"><h2 class=\"font-size-xss\" title=\"Milj\u00f8vernforbundet har n\u00e5 sendt brev til Kystverket i U-864 saken med krav om umiddelbar stans av planlagte \u00abTokt 2\u00bb\" >Milj\u00f8vernforbundet har n\u00e5 sendt brev til Kystverket i U-864 saken med krav om umiddelbar stans av planlagte \u00abTokt 2\u00bb<\/h2><\/div>\n\t<div class=\"wpb_text_column wpb_content_element\" >\n\t\t<div class=\"wpb_wrapper\">\n\t\t\t<h6>Publisert dato 12.01.2026\u00a0 Skrevet av: Arnfinn Nilsen<\/h6>\n\n\t\t<\/div>\n\t<\/div>\n\n\t<div class=\"wpb_text_column wpb_content_element\" >\n\t\t<div class=\"wpb_wrapper\">\n\t\t\t<p>Planlagte operasjoner p\u00e5 det n\u00e6rt forest\u00e5ende \u00abTokt 2\u00bb til kvikks\u00f8lvub\u00e5ten U-864 utenfor Fedje er destruktiv og inneholder en betydelig risiko for en milj\u00f8katastrofe av enorme konsekvenser for kysten v\u00e5r.<\/p>\n\n\t\t<\/div>\n\t<\/div>\n<div class=\"spacer\" style=\"--space-sm: 5px;--space-md: 20px;--space-lg: 20px;--space-xl: 20px;\"><\/div>\n\t\t\t<figure class=\"standard-image no-caption saker-img none\">\n\t\t\t\t<img loading=\"lazy\" decoding=\"async\" width=\"1334\" height=\"747\" src=\"https:\/\/nmf.no\/wp-content\/uploads\/2026\/01\/Kystverkets-vurderinger-og-anbefalinger-BILDER_Side_38_Bilde_0002.jpg\" class=\"attachment- size-\" alt=\"\" srcset=\"https:\/\/nmf.no\/wp-content\/uploads\/2026\/01\/Kystverkets-vurderinger-og-anbefalinger-BILDER_Side_38_Bilde_0002.jpg 1334w, https:\/\/nmf.no\/wp-content\/uploads\/2026\/01\/Kystverkets-vurderinger-og-anbefalinger-BILDER_Side_38_Bilde_0002-300x168.jpg 300w, https:\/\/nmf.no\/wp-content\/uploads\/2026\/01\/Kystverkets-vurderinger-og-anbefalinger-BILDER_Side_38_Bilde_0002-1024x573.jpg 1024w, https:\/\/nmf.no\/wp-content\/uploads\/2026\/01\/Kystverkets-vurderinger-og-anbefalinger-BILDER_Side_38_Bilde_0002-768x430.jpg 768w, https:\/\/nmf.no\/wp-content\/uploads\/2026\/01\/Kystverkets-vurderinger-og-anbefalinger-BILDER_Side_38_Bilde_0002-18x10.jpg 18w, https:\/\/nmf.no\/wp-content\/uploads\/2026\/01\/Kystverkets-vurderinger-og-anbefalinger-BILDER_Side_38_Bilde_0002-320x179.jpg 320w, https:\/\/nmf.no\/wp-content\/uploads\/2026\/01\/Kystverkets-vurderinger-og-anbefalinger-BILDER_Side_38_Bilde_0002-420x235.jpg 420w, https:\/\/nmf.no\/wp-content\/uploads\/2026\/01\/Kystverkets-vurderinger-og-anbefalinger-BILDER_Side_38_Bilde_0002-576x323.jpg 576w, https:\/\/nmf.no\/wp-content\/uploads\/2026\/01\/Kystverkets-vurderinger-og-anbefalinger-BILDER_Side_38_Bilde_0002-992x555.jpg 992w, https:\/\/nmf.no\/wp-content\/uploads\/2026\/01\/Kystverkets-vurderinger-og-anbefalinger-BILDER_Side_38_Bilde_0002-1200x672.jpg 1200w\" sizes=\"auto, (max-width: 1334px) 100vw, 1334px\">\n\t\t\t\t\n\t\t\t<\/figure>\n\t<div class=\"wpb_text_column wpb_content_element\" >\n\t\t<div class=\"wpb_wrapper\">\n\t\t\t<p><em>Bildetekst: Kystverkets rapport og viser hullet som ble sk\u00e5ret ut gjennom trykkskroget i akterseksjonen i 2013. Dette \u00f8nsker Kystverket \u00e5 skj\u00e6re st\u00f8rre under \u00abTokt 2\u00bb, og planlegger ogs\u00e5 \u00e5 skj\u00e6re ut et tilsvarende hull i trykkskroget i fremre den <\/em><em>vrakseksjon som i dag er hermetisk lukket og sannsynligvis lufttett. \u00abTokt 2\u00bb med planlagte operasjoner m\u00e5 stanses umiddelbart. <\/em><\/p>\n\n\t\t<\/div>\n\t<\/div>\n\n\t<div class=\"wpb_text_column wpb_content_element\" >\n\t\t<div class=\"wpb_wrapper\">\n\t\t\t<p><span data-contrast=\"auto\">Norges Milj\u00f8vernforbund (NMF) stiller seg sterkt kritisk til saksbehandlingen og krever\u00a0umiddel\u00a0bar stans av \u00abTokt\u00bb.<\/span><span data-ccp-props=\"{}\">\u00a0<\/span><\/p>\n<h4><strong>Kritikk, Hastverk og Milj\u00f8katastrofe<\/strong><\/h4>\n<p><span data-contrast=\"auto\">Da Kystverkets pressemelding om tildelingen av oppdraget for \u00abTokt 2\u00bb til Reach Subsea AS ble kunngjort 02.01.2026 ble NMF n\u00f8dt til \u00e5 gjennomg\u00e5 alle dokumentene i saken p\u00e5 nytt. Etter hvert ble det klart at selve tildelingen av oppdraget til Reach Subsea AS hadde blitt gitt allerede den 12.12.2025. Gjennomgangen av saksdokumentene vekket stor uro. Ikke minst i forhold\u00a0til tidligere kunnskap om saken og om hvordan Kystverket har h\u00e5ndtert den underveis, og i senere tid ogs\u00e5 ut i media. Det som er klart, er at Kystverket \u00e5penbart har f\u00e5tt d\u00e5rlig tid. Ikke minst fordi den f\u00f8rste offisielle konsekvensvurderingen fra fagetaten Forsvarsmateriell (FMA) tydeligvis ikke har passet inn i Kystverkets gjennomg\u00e5ende og underliggende \u00abtildekkingsagenda\u00bb.<\/span><span data-ccp-props=\"{}\">\u00a0<\/span><\/p>\n<p><span data-contrast=\"auto\">Dette er en sv\u00e6rt alvorlig sak med\u00a0potensielt\u00a0sv\u00e6rt alvorlige f\u00f8lger. Flere av de planlagte operasjonene Kystverket har planlagt for \u00abTokt 2\u00bb er un\u00f8dvendige og i tillegg sv\u00e6rt destruktive og med ekstremt h\u00f8y risiko for en alvorlig milj\u00f8katastrofe.<\/span><span data-ccp-props=\"{}\">\u00a0<\/span><\/p>\n<p><span data-contrast=\"auto\">Saken rundt h\u00e5ndteringen av U-864 kom alvorlig p\u00e5 banen i fjor h\u00f8st da rapporten fra Forsvarsmateriell (FMA) f\u00f8rst ble lekket til media, for deretter \u00e5 bli offentliggjort etter lang tids p\u00e5trykk og tautrekking.\u00a0Riskovurderingen\u00a0fra FMA, som var sv\u00e6rt grundig og godt\u00a0kildedokumentert, slo kull under agendaen om vedtatte tildekking\u00a0av vrakdelene\u00a0der en bare skal\u00a0hente opp den mengden kvikks\u00f8lv som man kan f\u00e5 tilgang til mens vrakdelene ligger der.<\/span><span data-ccp-props=\"{}\">\u00a0<\/span><\/p>\n\n\t\t<\/div>\n\t<\/div>\n<div class=\"spacer\" style=\"--space-sm: 5px;--space-md: 20px;--space-lg: 20px;--space-xl: 20px;\"><\/div>\n\t\t\t<figure class=\"standard-image no-caption saker-img none\">\n\t\t\t\t<img loading=\"lazy\" decoding=\"async\" width=\"1088\" height=\"600\" src=\"https:\/\/nmf.no\/wp-content\/uploads\/2026\/01\/Kystverkets-vurderinger-og-anbefalinger-BILDER_Side_13_Bilde_0001.jpg\" class=\"attachment- size-\" alt=\"\" srcset=\"https:\/\/nmf.no\/wp-content\/uploads\/2026\/01\/Kystverkets-vurderinger-og-anbefalinger-BILDER_Side_13_Bilde_0001.jpg 1088w, https:\/\/nmf.no\/wp-content\/uploads\/2026\/01\/Kystverkets-vurderinger-og-anbefalinger-BILDER_Side_13_Bilde_0001-300x165.jpg 300w, https:\/\/nmf.no\/wp-content\/uploads\/2026\/01\/Kystverkets-vurderinger-og-anbefalinger-BILDER_Side_13_Bilde_0001-1024x565.jpg 1024w, https:\/\/nmf.no\/wp-content\/uploads\/2026\/01\/Kystverkets-vurderinger-og-anbefalinger-BILDER_Side_13_Bilde_0001-768x424.jpg 768w, https:\/\/nmf.no\/wp-content\/uploads\/2026\/01\/Kystverkets-vurderinger-og-anbefalinger-BILDER_Side_13_Bilde_0001-18x10.jpg 18w, https:\/\/nmf.no\/wp-content\/uploads\/2026\/01\/Kystverkets-vurderinger-og-anbefalinger-BILDER_Side_13_Bilde_0001-320x176.jpg 320w, https:\/\/nmf.no\/wp-content\/uploads\/2026\/01\/Kystverkets-vurderinger-og-anbefalinger-BILDER_Side_13_Bilde_0001-420x232.jpg 420w, https:\/\/nmf.no\/wp-content\/uploads\/2026\/01\/Kystverkets-vurderinger-og-anbefalinger-BILDER_Side_13_Bilde_0001-576x318.jpg 576w, https:\/\/nmf.no\/wp-content\/uploads\/2026\/01\/Kystverkets-vurderinger-og-anbefalinger-BILDER_Side_13_Bilde_0001-992x547.jpg 992w\" sizes=\"auto, (max-width: 1088px) 100vw, 1088px\">\n\t\t\t\t\n\t\t\t<\/figure><div class=\"spacer\" style=\"--space-sm: 5px;--space-md: 5px;--space-lg: 5px;--space-xl: 5px;\"><\/div>\n\t<div class=\"wpb_text_column wpb_content_element\" >\n\t\t<div class=\"wpb_wrapper\">\n\t\t\t<p><span data-contrast=\"auto\">NMF har helt siden vraket f\u00f8rst ble funnet\u00a0uten for\u00a0kysten av Fedje i 2003 v\u00e6rt klar p\u00e5 at eneste fullgode l\u00f8sning var full heving av vrakseksjonene og deretter rense opp all forurenset sj\u00f8bunn.<\/span><span data-ccp-props=\"{}\">\u00a0<\/span><\/p>\n<p><span data-contrast=\"auto\">FMA-rapporten satt ogs\u00e5 i gang en stor debatt som n\u00e5 har gitt et Dokument 8 forslag i Stortinget om nytt mandat for U-864 som ogs\u00e5 skal inneholde hevingsalternativet. Allerede i midten av desember ble det klart gjennom media at det allerede var flertall p\u00e5 Stortinget til \u00e5 vedta forslaget.<\/span><span data-ccp-props=\"{}\">\u00a0<\/span><\/p>\n<p><span data-contrast=\"auto\">Til tross for dette, og til tross klare frar\u00e5dinger fra FMA underveis har alts\u00e5 Kystverket fortsatt med de destruktive og i stor grad un\u00f8dvendige planene for \u00abTokt 2\u00bb. NMF s\u00e5 seg derfor n\u00f8dt til \u00e5 handle raskt. Dette har resultert i dagens klare kravbrev om umiddelbar stans av alle operasjoner tilknyttet det n\u00e6rt forest\u00e5ende \u00abTokt 2\u00bb til Kystverket.<\/span><span data-ccp-props=\"{}\">\u00a0<\/span><\/p>\n<p><span data-contrast=\"auto\">NMF kommer til \u00e5 f\u00f8lge opp denne saken aktivt oppimot alle ansvarlige myndigheter fremover.<\/span><span data-ccp-props=\"{}\">\u00a0<\/span><\/p>\n<p><span data-contrast=\"auto\">Brevet til Kystverket med vedlegg finner du under, nederst i denne saken.<\/span><span data-ccp-props=\"{}\">\u00a0<\/span><\/p>\n<p><span data-contrast=\"auto\">Ellers finner du mer om utviklingen i U-864 saken i f\u00f8lgende artikler p\u00e5 nmf.no<\/span><span data-ccp-props=\"{}\">\u00a0<\/span><\/p>\n<p><span data-contrast=\"auto\">FMA-rapporten med vedlegg kan\u00a0for \u00f8vrig\u00a0lastes ned p\u00e5 Milj\u00f8vernforbundets omtale av saken 19.09.2025\u00a0p\u00e5 f\u00f8lgende adresse:<\/span><span data-ccp-props=\"{}\">\u00a0<\/span><\/p>\n<p><a href=\"https:\/\/nmf.no\/en\/u-864-rapporten-fra-forsvarsmateriell-er-offentliggjort-stor-glede-med-en-alvorlig-bismak\/\"><span data-contrast=\"none\">https:\/\/nmf.no\/u-864-rapporten-fra-forsvarsmateriell-er-offentliggjort-stor-glede-med-en-alvorlig-bismak\/<\/span><\/a><span data-ccp-props=\"{}\">\u00a0<\/span><\/p>\n<p><span data-contrast=\"auto\">I forhold til \u00abTokt 2\u00bb anbefales ogs\u00e5 \u00e5 lese\u00a0NMFs\u00a0omtale av saken 03.12.2025.<\/span><span data-ccp-props=\"{}\">\u00a0<\/span><\/p>\n<p><a href=\"https:\/\/nmf.no\/en\/kvikksolvubaten-u-864-en-udetonert-miljobombe\/\"><span data-contrast=\"none\">https:\/\/nmf.no\/kvikksolvubaten-u-864-en-udetonert-miljobombe\/<\/span><\/a><span data-ccp-props=\"{}\">\u00a0<\/span><\/p>\n\n\t\t<\/div>\n\t<\/div>\n<div class=\"spacer\" style=\"--space-sm: 1px;--space-md: 1px;--space-lg: 1px;--space-xl: 1px;\"><\/div>\n\t<div class=\"wpb_raw_code wpb_content_element wpb_raw_html\" >\n\t\t<div class=\"wpb_wrapper\">\n\t\t\t<div class=\"social-share-buttons\">\n    <a href=\"https:\/\/www.facebook.com\/sharer\/sharer.php?u=https:\/\/nmf.no\/miljovernforbundet-har-na-sendt-brev-til-kystverket-i-u-864-saken-med-krav-om-umiddelbar-stans-av-planlagte-tokt-2\/\" target=\"_blank\" class=\"share-btn facebook\">\n        Share on Facebook\n    <\/a>\n    <a href=\"https:\/\/twitter.com\/intent\/tweet?url=https:\/\/nmf.no\/miljovernforbundet-har-na-sendt-brev-til-kystverket-i-u-864-saken-med-krav-om-umiddelbar-stans-av-planlagte-tokt-2\/\" target=\"_blank\" class=\"share-btn twitter\">\n        Share on X\n    <\/a>\n<\/div>\n\n\t\t<\/div>\n\t<\/div>\n<div class=\"spacer\" style=\"--space-sm: 1px;--space-md: 1px;--space-lg: 1px;--space-xl: 1px;\"><\/div><div class=\"vc_separator wpb_content_element vc_separator_align_center vc_sep_width_100 vc_sep_pos_align_center vc_separator_no_text\" ><span class=\"vc_sep_holder vc_sep_holder_l\"><span style=\"border-color:#36778b;\" class=\"vc_sep_line\"><\/span><\/span><span class=\"vc_sep_holder vc_sep_holder_r\"><span style=\"border-color:#36778b;\" class=\"vc_sep_line\"><\/span><\/span>\n<\/div><div class=\"header left\"><h3 class=\"font-size-xss\" title=\"Read more\" style=\"color:#427c95\">Read more<\/h3><\/div>\n\t<div class=\"wpb_text_column wpb_content_element\" >\n\t\t<div class=\"wpb_wrapper\">\n\t\t\t<ul>\n<li><a href=\"https:\/\/nmf.no\/wp-content\/uploads\/2026\/01\/NORGES-MILJOVERNFORBUND-U-864-NMF-Krav-om-umiddelbar-stans-og-reevaluering-av-Tokt-2.pdf\">NMFs krav om umiddelbar stans og reevaluering av tokt 2<\/a><\/li>\n<li><a href=\"https:\/\/nmf.no\/wp-content\/uploads\/2026\/01\/Vedlegg-1-2025.01.08-Kystverket-til-FOH_MDK_FFI_FMA-Presisering-av-oppdraget-vedr.-ammuniajon-U-864-forsl.-motepl.pdf\">Vedlegg 1 &#8211; Presisering av oppdraget verdr. ammunisjon<\/a><\/li>\n<li><a href=\"https:\/\/nmf.no\/wp-content\/uploads\/2026\/01\/Vedlegg-2-2025.02.21-FMA-svarer-ut-kystverkets-sporsmal.pdf\">Vedlegg 2 &#8211; FMA svarer p\u00e5 kystverkets sp\u00f8rsm\u00e5l<\/a><\/li>\n<li><a href=\"https:\/\/nmf.no\/wp-content\/uploads\/2026\/01\/Vedlegg-3-2025.06.20-FMA-Bistand-fra-Forsvarsmateriell-i-forbindelse-med-kartlegging-av-U-864-i-2025.pdf\">Vedlegg 3 &#8211; Bistand fra fosvarsmateriell i forbindelse med kartlegging<\/a><\/li>\n<li><a href=\"https:\/\/nmf.no\/wp-content\/uploads\/2026\/01\/Vedlegg-4-2025.06.30-V08_Sporsmal-og-svar-om-eksplosiver-FFI.-Sjefsforsker-Arnt-Johnsen.pdf\">Vedlegg 4 &#8211; Sp\u00f8rsm\u00e5l og svar om eksplosiver -FFI sjefsforsker Arnt Johnsen<\/a><\/li>\n<li><a href=\"https:\/\/nmf.no\/wp-content\/uploads\/2026\/01\/Vedlegg-5-2025.07.24-V09_Sporsmal-og-svar-om-eksplosiver-FOH_MDK.pdf\">Vedlegg 5 &#8211; Sp\u00f8sm\u00e5l og svar om eksplosiver &#8211; FOH<\/a><\/li>\n<\/ul>\n\n\t\t<\/div>\n\t<\/div>\n<div class=\"vc_separator wpb_content_element vc_separator_align_center vc_sep_width_100 vc_sep_pos_align_center vc_separator_no_text\" ><span class=\"vc_sep_holder vc_sep_holder_l\"><span style=\"border-color:#36778b;\" class=\"vc_sep_line\"><\/span><\/span><span class=\"vc_sep_holder vc_sep_holder_r\"><span style=\"border-color:#36778b;\" class=\"vc_sep_line\"><\/span><\/span>\n<\/div><div class=\"spacer\" style=\"--space-sm: 30px;--space-md: 30px;--space-lg: 30px;--space-xl: 30px;\"><\/div>\n\t<div  class=\"wpb_single_image wpb_content_element vc_align_center\">\n\t\t\n\t\t<figure class=\"wpb_wrapper vc_figure\">\n\t\t\t<a href=\"https:\/\/nmf.profundo.no\/medlem\" target=\"_self\" class=\"vc_single_image-wrapper vc_box_rounded  vc_box_border_grey\" rel=\"noopener\"><img loading=\"lazy\" decoding=\"async\" width=\"958\" height=\"539\" src=\"https:\/\/nmf.no\/wp-content\/uploads\/2024\/11\/Hjelp-oss-a-ta-vare-pa-miljoet_plakat-958x539-1.webp\" class=\"vc_single_image-img attachment-full\" alt=\"\" title=\"Hjelp-oss-\u00e5-ta-vare-p\u00e5-milj\u00f8et_plakat-958x539 (1)\" srcset=\"https:\/\/nmf.no\/wp-content\/uploads\/2024\/11\/Hjelp-oss-a-ta-vare-pa-miljoet_plakat-958x539-1.webp 958w, https:\/\/nmf.no\/wp-content\/uploads\/2024\/11\/Hjelp-oss-a-ta-vare-pa-miljoet_plakat-958x539-1-300x169.webp 300w, https:\/\/nmf.no\/wp-content\/uploads\/2024\/11\/Hjelp-oss-a-ta-vare-pa-miljoet_plakat-958x539-1-768x432.webp 768w, https:\/\/nmf.no\/wp-content\/uploads\/2024\/11\/Hjelp-oss-a-ta-vare-pa-miljoet_plakat-958x539-1-320x180.webp 320w, https:\/\/nmf.no\/wp-content\/uploads\/2024\/11\/Hjelp-oss-a-ta-vare-pa-miljoet_plakat-958x539-1-420x236.webp 420w, https:\/\/nmf.no\/wp-content\/uploads\/2024\/11\/Hjelp-oss-a-ta-vare-pa-miljoet_plakat-958x539-1-576x324.webp 576w\" sizes=\"auto, (max-width: 958px) 100vw, 958px\"><\/a>\n\t\t<\/figure>\n\t<\/div>\n<\/div><\/div><\/div><div class=\"wpb_column vc_column_container vc_col-sm-2\"><div class=\"vc_column-inner\"><div class=\"wpb_wrapper\"><\/div><\/div><\/div><\/div>\n<\/div>","protected":false},"excerpt":{"rendered":"<p> [&#8230;]<\/p>\n<p><a class=\"btn btn-secondary vidiflex-read-more-link\" href=\"https:\/\/nmf.no\/en\/miljovernforbundet-har-na-sendt-brev-til-kystverket-i-u-864-saken-med-krav-om-umiddelbar-stans-av-planlagte-tokt-2\/\">Read More&#8230;<\/a><\/p>\n","protected":false},"author":2,"featured_media":6392,"comment_status":"closed","ping_status":"open","sticky":false,"template":"","format":"standard","meta":{"footnotes":""},"categories":[20],"tags":[],"class_list":["post-6388","post","type-post","status-publish","format-standard","has-post-thumbnail","hentry","category-miljogifter"],"acf":[],"_links":{"self":[{"href":"https:\/\/nmf.no\/en\/wp-json\/wp\/v2\/posts\/6388","targetHints":{"allow":["GET"]}}],"collection":[{"href":"https:\/\/nmf.no\/en\/wp-json\/wp\/v2\/posts"}],"about":[{"href":"https:\/\/nmf.no\/en\/wp-json\/wp\/v2\/types\/post"}],"author":[{"embeddable":true,"href":"https:\/\/nmf.no\/en\/wp-json\/wp\/v2\/users\/2"}],"replies":[{"embeddable":true,"href":"https:\/\/nmf.no\/en\/wp-json\/wp\/v2\/comments?post=6388"}],"version-history":[{"count":8,"href":"https:\/\/nmf.no\/en\/wp-json\/wp\/v2\/posts\/6388\/revisions"}],"predecessor-version":[{"id":6407,"href":"https:\/\/nmf.no\/en\/wp-json\/wp\/v2\/posts\/6388\/revisions\/6407"}],"wp:featuredmedia":[{"embeddable":true,"href":"https:\/\/nmf.no\/en\/wp-json\/wp\/v2\/media\/6392"}],"wp:attachment":[{"href":"https:\/\/nmf.no\/en\/wp-json\/wp\/v2\/media?parent=6388"}],"wp:term":[{"taxonomy":"category","embeddable":true,"href":"https:\/\/nmf.no\/en\/wp-json\/wp\/v2\/categories?post=6388"},{"taxonomy":"post_tag","embeddable":true,"href":"https:\/\/nmf.no\/en\/wp-json\/wp\/v2\/tags?post=6388"}],"curies":[{"name":"wp","href":"https:\/\/api.w.org\/{rel}","templated":true}]}}