{"id":6693,"date":"2026-01-26T13:30:37","date_gmt":"2026-01-26T12:30:37","guid":{"rendered":"https:\/\/nmf.no\/?p=6693"},"modified":"2026-01-26T13:30:37","modified_gmt":"2026-01-26T12:30:37","slug":"derfor-bor-osen-kommune-si-nei-til-torskeoppdrett-alvorlige-konsekvenser-for-miljo-villfisk-og-lokalsamfunn","status":"publish","type":"post","link":"https:\/\/nmf.no\/en\/derfor-bor-osen-kommune-si-nei-til-torskeoppdrett-alvorlige-konsekvenser-for-miljo-villfisk-og-lokalsamfunn\/","title":{"rendered":"Derfor b\u00f8r Osen kommune si nei til torskeoppdrett \u2013 alvorlige konsekvenser for milj\u00f8, villfisk og lokalsamfunn"},"content":{"rendered":"<div class=\"wpb-content-wrapper\"><div id=\"oppdatering-mars-2023\" class=\"vc_row wpb_row vc_row-fluid saker-row\"><div class=\"wpb_column vc_column_container vc_col-sm-2\"><div class=\"vc_column-inner\"><div class=\"wpb_wrapper\"><\/div><\/div><\/div><div class=\"wpb_column vc_column_container vc_col-sm-8\"><div class=\"vc_column-inner\"><div class=\"wpb_wrapper\"><div class=\"spacer\" style=\"--space-sm: 0px;--space-md: 30px;--space-lg: 30px;--space-xl: 30px;\"><\/div><div class=\"spacer\" style=\"--space-sm: 5px;--space-md: 30px;--space-lg: 30px;--space-xl: 30px;\"><\/div><div class=\"spacer\" style=\"--space-sm: 15px;--space-md: 15px;--space-lg: 15px;--space-xl: 15px;\"><\/div>\n\t<div class=\"wpb_raw_code wpb_content_element wpb_raw_html\" >\n\t\t<div class=\"wpb_wrapper\">\n\t\t\t<style>\n.news-headline {\n    font-family: 'Literata', serif;\n    font-weight: 1000; \/* extra-bold *\/\n    font-size: 2rem;  \/* desktop size *\/\n    line-height: 1.1;\n    color: #111;\n    margin: 0.5rem 0;\n    text-transform: uppercase; \/* optional for newsy look *\/\n    letter-spacing: 1px; \/* subtle spacing *\/\n}\n\n\/* ===== MOBILE LAYOUT ===== *\/\n@media (max-width: 600px) {\n    .news-headline {\n        font-size: 1.4rem; \/* smaller for mobile *\/\n        line-height: 1.2;  \/* slightly taller to avoid crowding *\/\n        letter-spacing: 0.5px; \/* reduce spacing slightly *\/\n    }\n}\n<\/style>\n\n<div class=\"news-headline\">\nDerfor b\u00f8r Osen kommune si nei til torskeoppdrett: alvorlige konsekvenser for milj\u00f8, villfisk og lokalsamfunn \n<\/div>\n\n\t\t<\/div>\n\t<\/div>\n\n\t<div class=\"wpb_raw_code wpb_content_element wpb_raw_html\" >\n\t\t<div class=\"wpb_wrapper\">\n\t\t\t<style>\n.author-block {\n    display: flex;\n    justify-content: space-between; \/* left vs right *\/\n    align-items: center;\n    background: transparent;\n    padding: 0.25rem 1rem;\n    border-radius: 6px;\n    max-width: 100%;\n    box-sizing: border-box;\n    margin-left: -15px;\n}\n\n\/* NEW: wrapper for multiple authors *\/\n.author-authors {\n    display: flex;\n    gap: 1.5rem;\n    align-items: center;\n    flex-wrap: wrap;\n}\n\n.author-left {\n    display: flex;\n    align-items: center;\n}\n\n.author-avatar img {\n    width: 64px;\n    height: 64px;\n    border-radius: 50%;\n    object-fit: cover;\n    border: 1px solid #ddd;\n    margin-right: 0.75rem;\n}\n\n.author-info {\n    display: flex;\n    flex-direction: column;\n    justify-content: center;\n}\n\n.author-name {\n    font-weight: 600;\n    font-size: 1rem;\n    margin: 0;\n    color: #222;\n}\n\n.author-name a {\n    text-decoration: none;\n    color: #0073aa;\n}\n\n.author-name a:hover {\n    text-decoration: underline;\n}\n\n.author-position {\n    font-size: 1rem;\n    color: #000;\n    margin: 0;\n}\n\n\/* Desktop dates *\/\n.author-dates {\n    display: flex;\n    flex-direction: column;\n    align-items: flex-end;\n    text-align: right;\n    margin-right: 10px;\n}\n\n.author-dates .published-date,\n.author-dates .edited-date {\n    margin: 0;\n    font-size: 0.65rem;\n    color: #000;\n}\n\n.author-dates .edited-date {\n    margin-top: 2px;\n}\n\n\/* ===== MOBILE LAYOUT ===== *\/\n@media (max-width: 600px) {\n\n    .author-block {\n        flex-direction: column;\n        align-items: flex-start;\n        margin-left: 0;\n        padding: 0.25rem 0.75rem;\n    }\n\n    .author-authors {\n        flex-direction: column;\n        gap: 0.5rem;\n        width: 100%;\n    }\n\n    .author-left {\n        width: 100%;\n        margin-bottom: 0.01rem;\n    }\n\n    .author-avatar img {\n        width: 72px;\n        height: 72px;\n        margin-right: 0.75rem;\n    }\n\n    \/* Dates now under text, horizontal row *\/\n    .author-dates {\n        display: flex;\n        flex-direction: row;\n        flex-wrap: wrap;\n        align-items: center;\n        text-align: left;\n        padding-left: calc(72px + 0.75rem);\n        margin-top: 0.01rem;\n        gap: 0.5rem;\n        width: 100%;\n    }\n\n    .author-dates .published-date,\n    .author-dates .edited-date {\n        font-size: 0.5rem !important;\n        margin: 0;\n    }\n}\n<\/style>\n\n<div class=\"author-block\">\n\n    <div class=\"author-authors\">\n        <!-- Author 1 -->\n        <div class=\"author-left\">\n            <div class=\"author-avatar\">\n                <img decoding=\"async\" src=\"https:\/\/nmf.no\/wp-content\/uploads\/2026\/01\/Arneroger.jpg\" alt=\"Author Avatar\">\n            <\/div>\n            <div class=\"author-info\">\n                <p class=\"author-name\"><a href=\"#\">Arne Roger Hansen<\/a><\/p>\n                <p class=\"author-position\">Regionsleder \/ Saksbehandler<\/p>\n            <\/div>\n        <\/div>\n\n        <!-- Author 2 -->\n        <div class=\"author-left\">\n            <div class=\"author-avatar\">\n                <img decoding=\"async\" src=\"https:\/\/nmf.no\/wp-content\/uploads\/2026\/01\/Basmo-1.jpg\" alt=\"Author Avatar\">\n            <\/div>\n            <div class=\"author-info\">\n                <p class=\"author-name\"><a href=\"#\">Ruben Oddekalv<\/a><\/p>\n                <p class=\"author-position\">Leder<\/p>\n            <\/div>\n        <\/div>\n    <\/div>\n\n    <div class=\"author-dates\">\n        <p class=\"published-date\">Publisert dato: Jan 26, 2026<\/p>\n        <p class=\"edited-date\">Sist endret: Jan 26, 2026<\/p>\n    <\/div>\n\n<\/div>\n\t\t<\/div>\n\t<\/div>\n\n\t<div class=\"wpb_text_column wpb_content_element\" >\n\t\t<div class=\"wpb_wrapper\">\n\t\t\t<p><span class=\"TextRun SCXW144780417 BCX0\" lang=\"NB-NO\" xml:lang=\"NB-NO\" data-contrast=\"none\"><span class=\"NormalTextRun SCXW144780417 BCX0\" data-ccp-parastyle=\"Normal (Web)\">Norges Milj\u00f8vernforbund frar\u00e5der p\u00e5 det sterkeste etablering av torskeoppdrett ved Sandholmtaren i Osen kommune. Erfaringer, forskning og dokumenterte hendelser viser at torskeoppdrett i \u00e5pne merder medf\u00f8rer betydelig risiko for genetisk forurensning av kysttorsk, r\u00f8mming, sykdomsspredning, forurensning av fjordsystemer og svekket dyrevelferd. Konsekvensene kan bli irreversible \u2013 b\u00e5de for naturen og for framtidig b\u00e6rekraftig bruk av fjorden.<\/span><\/span><\/p>\n\n\t\t<\/div>\n\t<\/div>\n<div class=\"spacer\" style=\"--space-sm: 2px;--space-md: 2px;--space-lg: 2px;--space-xl: 2px;\"><\/div>\n\t<div class=\"wpb_raw_code wpb_content_element wpb_raw_html\" >\n\t\t<div class=\"wpb_wrapper\">\n\t\t\t\n    <div class=\"image-overlay-container\">\n        <img decoding=\"async\" src=\"https:\/\/nmf.no\/wp-content\/uploads\/2025\/06\/CIMG2563-scaled-16-9.jpg\" alt=\"Oppdrettstorsk\" loading=\"lazy\">\n        <div class=\"caption-overlay\">\n            <p>Oppdrettstorsk<\/p>\n        <\/div>\n    <\/div>\n    \n\n\t\t<\/div>\n\t<\/div>\n<div class=\"spacer\" style=\"--space-sm: 5px;--space-md: 10px;--space-lg: 10px;--space-xl: 10px;\"><\/div>\n\t<div class=\"wpb_text_column wpb_content_element\" >\n\t\t<div class=\"wpb_wrapper\">\n\t\t\t<p><span class=\"TextRun SCXW214125103 BCX0\" lang=\"NB-NO\" xml:lang=\"NB-NO\" data-contrast=\"none\"><span class=\"NormalTextRun SCXW214125103 BCX0\">Torskeoppdrett i \u00e5pne merder har vist seg \u00e5 v\u00e6re langt mer problematisk enn n\u00e6ringen selv gir inntrykk av. En av de mest alvorlige utfordringene er at oppdrettstorsk gyter direkte i merdene. Dette skjer ofte tidligere enn hos vill torsk, trolig som f\u00f8lge av kunstig lys og forh\u00f8yet temperatur. Resultatet er at enorme mengder rogn og melke slippes rett ut i fjorden. Fisken i ett enkelt oppdrettsanlegg kan slippe ut flere titalls milliarder egg, noe som skaper en h\u00f8y risiko for genetisk innblanding mellom oppdrettstorsk og den stedegne kysttorsken.<\/span><\/span> <span class=\"TextRun SCXW214125103 BCX0\" lang=\"NB-NO\" xml:lang=\"NB-NO\" data-contrast=\"none\"><span class=\"NormalTextRun SCXW214125103 BCX0\">Dette er ikke et teoretisk problem, men dokumentert gjennom flere hendelser og studier. Havforskningsinstituttet har p\u00e5vist egg fra oppdrettstorsk p\u00e5 gytefeltene til vill torsk, og det er funnet oppdrettsegg b\u00e5de i fjorder og i \u00e5pent hav. Erfaringene kan sammenlignes direkte med den veldokumenterte genetiske p\u00e5virkningen oppdrettslaks har hatt p\u00e5 villaks, og kysttorsken er like stedegen og s\u00e5rbar.<\/span><\/span><span class=\"EOP SCXW214125103 BCX0\" data-ccp-props=\"{}\">\u00a0<\/span><\/p>\n<p><span data-contrast=\"none\">Les mer her:<\/span><\/p>\n<p><a href=\"https:\/\/www.kystogfjord.no\/nyheter\/i\/69RnJO\/fisken-i-ett-eneste-oppdrettsanlegg-kan-slippe-ut-flere-titalls-milliarder-torskeegg\" target=\"_blank\" rel=\"noopener\"><span data-contrast=\"none\">Fisken i ett eneste oppdrettsanlegg kan slippe ut flere titalls milliarder torskeegg &#8211; kystogfjord.no<\/span><\/a><span data-ccp-props=\"{}\">\u00a0<\/span><\/p>\n<p><a href=\"https:\/\/www.kystmagasinet.no\/fiskeridirektoratet-havforskningsinstituttet-helgeland\/torskerommingen-i-meloy-har-funnet-egg-fra-oppdrettstorsk-i-apent-hav\/1505122\" target=\"_blank\" rel=\"noopener\"><span data-contrast=\"none\">Torsker\u00f8mmingen i Mel\u00f8y: \u2013 Har funnet egg fra oppdrettstorsk i \u00e5pent hav<\/span><\/a><span data-ccp-props=\"{}\">\u00a0<\/span><\/p>\n<p><a href=\"https:\/\/www.hi.no\/hi\/nyheter\/2023\/mars\/fant-oppdrettsegg-pa-gytefeltene-til-villtorsken\" target=\"_blank\" rel=\"noopener\"><span data-contrast=\"none\">Fant opp<\/span><\/a><a href=\"https:\/\/www.hi.no\/hi\/nyheter\/2023\/mars\/fant-oppdrettsegg-pa-gytefeltene-til-villtorsken\" target=\"_blank\" rel=\"noopener\"><span data-contrast=\"none\">drettsegg p\u00e5 gytefeltene til villtorsken | Havforskningsinstituttet<\/span><\/a><span data-ccp-props=\"{}\">\u00a0<\/span><\/p>\n<p><span class=\"TextRun SCXW180663365 BCX0\" lang=\"NB-NO\" xml:lang=\"NB-NO\" data-contrast=\"none\"><span class=\"NormalTextRun SCXW180663365 BCX0\" data-ccp-parastyle=\"Normal (Web)\">I tillegg til gyting i merdene er r\u00f8mming et gjennomg\u00e5ende problem. Tidligere fors\u00f8k p\u00e5 torskeoppdrett strandet nettopp fordi torsken gnagde seg ut av merdene. Selv om dagens oppdrettstorsk er avlet for en roligere adferd, viser praksis at r\u00f8mming fortsatt skjer i stort omfang. R\u00f8mt oppdrettstorsk vil kunne gyte med vill torsk og spre fremavlede egenskaper som d\u00e5rligere overlevelse og endret atferd.<\/span><\/span><span class=\"EOP SCXW180663365 BCX0\" data-ccp-props=\"{&quot;134233117&quot;:true,&quot;134233118&quot;:true}\">\u00a0<\/span><\/p>\n\n\t\t<\/div>\n\t<\/div>\n<div class=\"spacer\" style=\"--space-sm: 2px;--space-md: 2px;--space-lg: 2px;--space-xl: 2px;\"><\/div>\n\t<div class=\"wpb_raw_code wpb_content_element wpb_raw_html\" >\n\t\t<div class=\"wpb_wrapper\">\n\t\t\t\n    <div class=\"image-overlay-container\">\n        <img decoding=\"async\" src=\"https:\/\/nmf.no\/wp-content\/uploads\/2024\/11\/datingscout-XRqIEA-jHxE-unsplash-scaled.jpg\" alt=\" Oppdrettsanlegg\" loading=\"lazy\">\n        <div class=\"caption-overlay\">\n            <p>Oppdrettsanlegg<\/p>\n        <\/div>\n    <\/div>\n    \n\n\t\t<\/div>\n\t<\/div>\n<div class=\"spacer\" style=\"--space-sm: 5px;--space-md: 5px;--space-lg: 5px;--space-xl: 5px;\"><\/div>\n\t<div class=\"wpb_text_column wpb_content_element\" >\n\t\t<div class=\"wpb_wrapper\">\n\t\t\t<p><span data-contrast=\"none\">Norcod\u00a0alene har hatt r\u00f8mming av titusenvis av fisk, blant annet 27 500 torsk fra ett enkelt anlegg. Dette understreker at teknologien ikke er tilstrekkelig til \u00e5 forhindre r\u00f8mming.<\/span><\/p>\n<p><span data-contrast=\"none\">Eksempler p\u00e5 dokumenterte hendelser:<\/span><span data-ccp-props=\"{&quot;134233117&quot;:true,&quot;134233118&quot;:true}\">\u00a0<\/span><\/p>\n<p><a href=\"https:\/\/www.fiskeribladet.no\/hendelser\/over-14-000-torsk-romte-hendelsen-er-svart-beklagelig\/2-1-1919474\" target=\"_blank\" rel=\"noopener\"><span data-contrast=\"none\">Over 14.000 torsk r\u00f8mte: \u2013 Hendelsen er sv\u00e6rt beklagelig | Fiskeribladet<\/span><\/a><span data-ccp-props=\"{}\">\u00a0<\/span><\/p>\n<p><a href=\"https:\/\/www.intrafish.no\/samfunn\/27-500-torsk-romte-fra-dette-anlegget-5100-er-tatt-i-gjenfangst\/2-1-1767594\" target=\"_blank\" rel=\"noopener\"><span data-contrast=\"none\">27.500 torsk r\u00f8mte fra dette anlegget \u2013 5100 er tatt i gjenfangst<\/span><\/a><span data-ccp-props=\"{}\">\u00a0<\/span><\/p>\n<p><a href=\"https:\/\/www.nrk.no\/mr\/87.000-torsk-har-romt-fra-oppdrettsanlegg-hos-gadus-group-i-volda-1.16219784\" target=\"_blank\" rel=\"noopener\"><span data-contrast=\"none\">87.000 torsk har r\u00f8mt\u00a0fr\u00e5\u00a0oppdrettsanlegg hos\u00a0Gadus\u00a0Group i Volda \u2013 NRK M\u00f8re og Romsdal \u2013 Lokale nyheter, TV og radio<\/span><\/a><\/p>\n<p><span data-contrast=\"none\">Dyrevelferd er et annet alvorlig aspekt. Torsk er en bunnfisk som i naturen lever spredt, men i oppdrett tvinges den til \u00e5 leve tett i overflaten. Tidligere erfaringer med torskeoppdrett har vist omfattende misdannelser, stress og h\u00f8y d\u00f8delighet. Ogs\u00e5 sykdomsbelastningen er stor. Hos\u00a0Norcod\u00a0alene d\u00f8de rundt 200 000 oppdrettstorsk som f\u00f8lge av virussykdom.<\/span><br \/>\n<span data-contrast=\"none\">Dette kan vanskelig beskrives som annet enn systematisk dyremishandling.<\/span><\/p>\n<p><span data-contrast=\"none\">Dokumenterte eksempler:<\/span><span data-ccp-props=\"{&quot;134233117&quot;:true,&quot;134233118&quot;:true}\">\u00a0<\/span><\/p>\n<p><a href=\"https:\/\/finansavisen.no\/nyheter\/sjomat\/2021\/07\/23\/7709487\/48.000-fisk-dode-hos-statt-torsk\" target=\"_blank\" rel=\"noopener\"><span data-contrast=\"none\">48.000 fisk d\u00f8de hos\u00a0Statt\u00a0Torsk | Finansavisen<\/span><\/a><span data-ccp-props=\"{}\">\u00a0<\/span><\/p>\n<p><a href=\"https:\/\/www.nrk.no\/nordland\/200.000-oppdrettstorsk-dode-av-virus-ved-norcod-anlegg-1.17726918\" target=\"_blank\" rel=\"noopener\"><span data-contrast=\"none\">200.000 oppdrettstorsk d\u00f8de av virus ved\u00a0Norcod-anlegg \u2013 NRK Nordland<\/span><\/a><span data-ccp-props=\"{}\">\u00a0<\/span><\/p>\n<p><span data-contrast=\"none\">Forurensning fra torskeoppdrett f\u00f8lger samme m\u00f8nster som annen oppdrettsvirksomhet i \u00e5pne merder. Store mengder\u00a0fiskefekalier\u00a0og\u00a0f\u00f4rrester\u00a0slippes direkte i fjorden. Dette f\u00f8rer til nedslamming av bunnen, redusert oksygenniv\u00e5 og tap av biologisk mangfold. Koraller og tareskog er s\u00e6rlig s\u00e5rbare for slik p\u00e5virkning. Over tid kan hele fjordsystemer svekkes.<\/span><br \/>\n<span data-contrast=\"none\">En film fra Norges Milj\u00f8vernforbund viser tydelig hvordan forholdene under merdene st\u00e5r i sterk kontrast til det som kommer frem i milj\u00f8unders\u00f8kelser utf\u00f8rt av oppdretterne selv:<\/span><br \/>\n<span data-ccp-props=\"{}\">\u00a0<\/span><\/p>\n\n\t\t<\/div>\n\t<\/div>\n<div class=\"spacer\" style=\"--space-sm: 2px;--space-md: 2px;--space-lg: 2px;--space-xl: 2px;\"><\/div>\n\t<div class=\"wpb_raw_code wpb_content_element wpb_raw_html\" >\n\t\t<div class=\"wpb_wrapper\">\n\t\t\t<!DOCTYPE html>\n<html lang=\"no\">\n<head>\n    <meta charset=\"UTF-8\">\n    <meta name=\"viewport\" content=\"width=device-width, initial-scale=1.0\">\n\n    <style>\n        .video-overlay-container {\n            position: relative;\n            width: 100%;\n            max-width: 900px;\n            margin: 0 auto;\n            border-radius: 12px;\n            overflow: hidden;\n            box-shadow: 0 10px 30px rgba(0,0,0,0.6);\n        }\n\n        \/* Responsive 16:9 video *\/\n        .video-wrapper {\n            position: relative;\n            width: 100%;\n            padding-top: 56.25%;\n        }\n\n        .video-wrapper iframe {\n            position: absolute;\n            inset: 0;\n            width: 100%;\n            height: 100%;\n            border: 0;\n        }\n\n        .caption-overlay {\n            position: absolute;\n            bottom: 0;\n            left: 0;\n            right: 0;\n            padding: 1rem 1rem 1.75rem;\n            background: linear-gradient(\n                to top,\n                rgba(0,0,0,1) 0%,\n                rgba(0,0,0,1) 50%,\n                rgba(0,0,0,0.7) 75%,\n                rgba(0,0,0,0.3) 90%,\n                rgba(0,0,0,0) 100%\n            );\n            color: #fff;\n            font-size: 1rem;\n            line-height: 1.4;\n            cursor: pointer;\n            overflow: hidden;\n            max-height: 2.5em;\n            transition: max-height 0.5s ease;\n        }\n\n        .caption-overlay::after {\n            content: '...';\n            position: absolute;\n            bottom: 0.5rem;\n            right: 1rem;\n            font-weight: bold;\n        }\n\n        .caption-overlay.expanded::after {\n            content: '';\n        }\n\n        .caption-overlay.expanded {\n            max-height: 10em;\n        }\n\n        .caption-overlay p {\n            margin: 0;\n        }\n    <\/style>\n<\/head>\n<body>\n\n<div class=\"video-overlay-container\">\n    <div class=\"video-wrapper\">\n        <iframe \n            src=\"https:\/\/www.youtube.com\/embed\/ou-TfMqEAQE\"\n            title=\"YouTube video\"\n            allow=\"accelerometer; autoplay; clipboard-write; encrypted-media; gyroscope; picture-in-picture\"\n            allowfullscreen>\n        <\/iframe>\n    <\/div>\n\n    <div class=\"caption-overlay\">\n        <p>\n          Slik ser det faktisk ut p\u00e5 bunnen.\n        <\/p>\n    <\/div>\n<\/div>\n\n<script>\n    const caption = document.querySelector('.caption-overlay');\n\n    caption.addEventListener('click', () => {\n        caption.classList.toggle('expanded');\n    });\n<\/script>\n\n<\/body>\n<\/html>\n\n\t\t<\/div>\n\t<\/div>\n<div class=\"spacer\" style=\"--space-sm: 5px;--space-md: 5px;--space-lg: 5px;--space-xl: 5px;\"><\/div>\n\t<div class=\"wpb_text_column wpb_content_element\" >\n\t\t<div class=\"wpb_wrapper\">\n\t\t\t<p><span data-contrast=\"none\">Sykdomsproblematikken knyttet til torskeoppdrett er omfattende og alvorlig. If\u00f8lge Veterin\u00e6rinstituttet kan intensivt oppdrett f\u00f8re til b\u00e5de kjente og ukjente sykdommer, inkludert virussykdommer som det ikke finnes effektive behandlingsmetoder mot. Slike sykdommer kan spre seg til villfisk og true lokale bestander.<\/span><\/p>\n<p><span data-contrast=\"none\">Rapporten:\u202f<\/span><span data-ccp-props=\"{}\"><br \/>\n<\/span><span data-contrast=\"auto\">\u00a0<\/span><a href=\"https:\/\/www.vetinst.no\/rapporter-og-publikasjoner\/rapporter\/2002\/miljproblemer-i-forbindelse-med-oppdrett-av-torsk\" target=\"_blank\" rel=\"noopener\"><span data-contrast=\"none\">Milj\u00f8problemer i forbindelse med oppdrett av torsk (vetinst.no)<\/span><\/a><span data-ccp-props=\"{}\">\u00a0<\/span><\/p>\n<p><span data-contrast=\"none\">fra Veterin\u00e6rinstituttet dokumenterer denne risikoen grundig.<\/span><br \/>\n<span data-contrast=\"none\">Videre har forskere sl\u00e5tt fast at det ikke er tvil om at d\u00f8delige virus kan spres fra oppdrettsfisk til villfisk:<\/span><span data-ccp-props=\"{&quot;134233117&quot;:true,&quot;134233118&quot;:true}\">\u00a0<\/span><\/p>\n<p><a href=\"https:\/\/www.dn.no\/havbruk\/chile\/are-nylund\/ila\/forsker-ikke-tvil-om-spredning-av-dodelig-virus-fra-oppdrettsfisk-til-villfisk\/2-1-597279\" target=\"_blank\" rel=\"noopener\"><span data-contrast=\"none\">Forsker: Ikke tvil om spredning av d\u00f8delig virus fra oppdrettsfisk til villfisk | DN<\/span><\/a><span data-ccp-props=\"{}\">\u00a0<\/span><\/p>\n<h4><strong>Milj\u00f8- og helserisiko ved torskeoppdrett i \u00e5pne merder\u00a0<\/strong><\/h4>\n<p><span data-contrast=\"none\">Behandling av sykdommer i oppdrett inneb\u00e6rer bruk av medikamenter. Disse tilsettes f\u00f4ret og kan via avf\u00f8ring og\u00a0f\u00f4rspill\u00a0spres i fjorden. Villfisk som beiter under\u00a0merdene\u00a0f\u00e5r i seg disse stoffene. I motsetning til oppdrettsfisk har villfisk ingen karensperiode f\u00f8r fangst, noe som inneb\u00e6rer en\u00a0potensiell\u00a0helserisiko for mennesker som fisker til eget konsum.<\/span><span data-ccp-props=\"{&quot;134233117&quot;:true,&quot;134233118&quot;:true}\">\u00a0<\/span><\/p>\n<p><span data-contrast=\"none\">Torsk er ogs\u00e5 utsatt for lus, blant annet\u00a0skottelus\u00a0og\u00a0torskelus. Dette medf\u00f8rer at spredning av lus fra oppdrettstorsk til lokal kysttorsk og andre ville fiskeslag kan f\u00f8re til lignende utfordringer som lakselus p\u00e5 vill laksefisk fra \u00e5pne merder der det produseres laks og \u00f8rret.\u00a0Dersom luseproblemet blir omfattende, m\u00e5 torsk behandles med lusemidler p\u00e5 samme m\u00e5te som benyttes i oppdrett av laks og \u00f8rret. Bruk av slike midler kan resultere i spredning av kjemikalier i fjordsystemet, noe som kan p\u00e5virke skalldyr negativt ved kontakt med lusegiftene.<\/span><span data-ccp-props=\"{}\">\u00a0<\/span><\/p>\n<p><span data-contrast=\"none\">Et annet problem er at villfisk samler seg under merdene for \u00e5 spise\u00a0f\u00f4rspill. Dette f\u00f8rer til feilern\u00e6ring, unaturlig h\u00f8y fettprosent og redusert kvalitet p\u00e5 fisken. Slik fisk kan bli uselgelige som matfisk for lokale fiskere. Dette er allerede dokumentert fra omr\u00e5der med lakseoppdrett:<\/span><span data-ccp-props=\"{&quot;134233117&quot;:true,&quot;134233118&quot;:true}\">\u00a0<\/span><\/p>\n<p><span data-ccp-props=\"{&quot;134245417&quot;:false}\">\u00a0<\/span><a href=\"https:\/\/www.nrk.no\/nordland\/villfisk-mettes-av-oppdrettsmat_-_-jeg-blir-rett-og-slett-forbanna-1.14003547\" target=\"_blank\" rel=\"noopener\"><span data-contrast=\"none\">Wild fish getting fed by pellets - pisses me off - Newsarticle from NRK Hordaland<\/span><\/a><span data-ccp-props=\"{&quot;134245417&quot;:false}\">\u00a0<\/span><\/p>\n<p><span data-contrast=\"none\">Oppdrettsn\u00e6ringen trekker ofte frem lokale arbeidsplasser som et hovedargument. Erfaring viser imidlertid at dette i stor grad er overdrevet. Et moderne oppdrettsanlegg med 4\u20138 merder bemannes vanligvis av 3\u20135 personer, ofte med ansvar for flere anlegg samtidig. Driften er sterkt automatisert, s\u00e6rlig f\u00f4ringen, og mye av arbeidskraften leies inn midlertidig fra E\u00d8S-omr\u00e5det. Den lokale verdiskapingen er dermed begrenset.<\/span><span data-ccp-props=\"{&quot;134233117&quot;:true,&quot;134233118&quot;:true}\">\u00a0<\/span><\/p>\n<p><span data-contrast=\"none\">Samlet sett viser b\u00e5de erfaring, forskning og dokumenterte hendelser\u00a0fra torskeoppdrett\u00a0idag, samt all tidligere erfaring fra oppdrett av laks og regnbue\u00f8rret,\u00a0at torskeoppdrett i \u00e5pne merder inneb\u00e6rer uakseptabel risiko for milj\u00f8, villfisk, dyrevelferd og lokal mattrygghet. Norges Milj\u00f8vernforbund oppfordrer derfor p\u00e5 det sterkeste Osen kommune til \u00e5 avsl\u00e5 s\u00f8knaden fra\u00a0Norcod\u00a0A\/S. Konsekvensene av et ja kan bli irreversible, mens et nei er et valg til fordel for natur, lokalsamfunn og framtidige generasjoner.<\/span><span data-ccp-props=\"{&quot;134233117&quot;:true,&quot;134233118&quot;:true}\">\u00a0<\/span><\/p>\n\n\t\t<\/div>\n\t<\/div>\n<div class=\"spacer\" style=\"--space-sm: 1px;--space-md: 1px;--space-lg: 1px;--space-xl: 1px;\"><\/div>\n\t<div class=\"wpb_raw_code wpb_content_element wpb_raw_html\" >\n\t\t<div class=\"wpb_wrapper\">\n\t\t\t<div class=\"social-share-buttons\">\n    <a href=\"https:\/\/www.facebook.com\/sharer\/sharer.php?u=https:\/\/nmf.no\/derfor-bor-osen-kommune-si-nei-til-torskeoppdrett-alvorlige-konsekvenser-for-miljo-villfisk-og-lokalsamfunn\" target=\"_blank\" class=\"share-btn facebook\">\n        Share on Facebook\n    <\/a>\n    <a href=\"https:\/\/twitter.com\/intent\/tweet?url=https:\/\/nmf.no\/derfor-bor-osen-kommune-si-nei-til-torskeoppdrett-alvorlige-konsekvenser-for-miljo-villfisk-og-lokalsamfunn\" target=\"_blank\" class=\"share-btn twitter\">\n        Share on X\n    <\/a>\n<\/div>\n\n\t\t<\/div>\n\t<\/div>\n<div class=\"spacer\" style=\"--space-sm: 1px;--space-md: 1px;--space-lg: 1px;--space-xl: 1px;\"><\/div><div class=\"vc_separator wpb_content_element vc_separator_align_center vc_sep_width_100 vc_sep_pos_align_center vc_separator_no_text\" ><span class=\"vc_sep_holder vc_sep_holder_l\"><span style=\"border-color:#36778b;\" class=\"vc_sep_line\"><\/span><\/span><span class=\"vc_sep_holder vc_sep_holder_r\"><span style=\"border-color:#36778b;\" class=\"vc_sep_line\"><\/span><\/span>\n<\/div><div class=\"spacer\" style=\"--space-sm: 30px;--space-md: 30px;--space-lg: 30px;--space-xl: 30px;\"><\/div>\n\t<div  class=\"wpb_single_image wpb_content_element vc_align_center\">\n\t\t\n\t\t<figure class=\"wpb_wrapper vc_figure\">\n\t\t\t<a href=\"https:\/\/nmf.profundo.no\/medlem\" target=\"_self\" class=\"vc_single_image-wrapper vc_box_rounded  vc_box_border_grey\" rel=\"noopener\"><img loading=\"lazy\" decoding=\"async\" width=\"958\" height=\"539\" src=\"https:\/\/nmf.no\/wp-content\/uploads\/2024\/11\/Hjelp-oss-a-ta-vare-pa-miljoet_plakat-958x539-1.webp\" class=\"vc_single_image-img attachment-full\" alt=\"\" title=\"Hjelp-oss-\u00e5-ta-vare-p\u00e5-milj\u00f8et_plakat-958x539 (1)\" srcset=\"https:\/\/nmf.no\/wp-content\/uploads\/2024\/11\/Hjelp-oss-a-ta-vare-pa-miljoet_plakat-958x539-1.webp 958w, https:\/\/nmf.no\/wp-content\/uploads\/2024\/11\/Hjelp-oss-a-ta-vare-pa-miljoet_plakat-958x539-1-300x169.webp 300w, https:\/\/nmf.no\/wp-content\/uploads\/2024\/11\/Hjelp-oss-a-ta-vare-pa-miljoet_plakat-958x539-1-768x432.webp 768w, https:\/\/nmf.no\/wp-content\/uploads\/2024\/11\/Hjelp-oss-a-ta-vare-pa-miljoet_plakat-958x539-1-320x180.webp 320w, https:\/\/nmf.no\/wp-content\/uploads\/2024\/11\/Hjelp-oss-a-ta-vare-pa-miljoet_plakat-958x539-1-420x236.webp 420w, https:\/\/nmf.no\/wp-content\/uploads\/2024\/11\/Hjelp-oss-a-ta-vare-pa-miljoet_plakat-958x539-1-576x324.webp 576w\" sizes=\"auto, (max-width: 958px) 100vw, 958px\"><\/a>\n\t\t<\/figure>\n\t<\/div>\n<\/div><\/div><\/div><div class=\"wpb_column vc_column_container vc_col-sm-2\"><div class=\"vc_column-inner\"><div class=\"wpb_wrapper\"><\/div><\/div><\/div><\/div>\n<\/div>","protected":false},"excerpt":{"rendered":"<p> [&#8230;]<\/p>\n<p><a class=\"btn btn-secondary vidiflex-read-more-link\" href=\"https:\/\/nmf.no\/en\/derfor-bor-osen-kommune-si-nei-til-torskeoppdrett-alvorlige-konsekvenser-for-miljo-villfisk-og-lokalsamfunn\/\">Read More&#8230;<\/a><\/p>\n","protected":false},"author":2,"featured_media":4181,"comment_status":"closed","ping_status":"open","sticky":false,"template":"","format":"standard","meta":{"footnotes":""},"categories":[20],"tags":[],"class_list":["post-6693","post","type-post","status-publish","format-standard","has-post-thumbnail","hentry","category-miljogifter"],"acf":[],"_links":{"self":[{"href":"https:\/\/nmf.no\/en\/wp-json\/wp\/v2\/posts\/6693","targetHints":{"allow":["GET"]}}],"collection":[{"href":"https:\/\/nmf.no\/en\/wp-json\/wp\/v2\/posts"}],"about":[{"href":"https:\/\/nmf.no\/en\/wp-json\/wp\/v2\/types\/post"}],"author":[{"embeddable":true,"href":"https:\/\/nmf.no\/en\/wp-json\/wp\/v2\/users\/2"}],"replies":[{"embeddable":true,"href":"https:\/\/nmf.no\/en\/wp-json\/wp\/v2\/comments?post=6693"}],"version-history":[{"count":10,"href":"https:\/\/nmf.no\/en\/wp-json\/wp\/v2\/posts\/6693\/revisions"}],"predecessor-version":[{"id":6706,"href":"https:\/\/nmf.no\/en\/wp-json\/wp\/v2\/posts\/6693\/revisions\/6706"}],"wp:featuredmedia":[{"embeddable":true,"href":"https:\/\/nmf.no\/en\/wp-json\/wp\/v2\/media\/4181"}],"wp:attachment":[{"href":"https:\/\/nmf.no\/en\/wp-json\/wp\/v2\/media?parent=6693"}],"wp:term":[{"taxonomy":"category","embeddable":true,"href":"https:\/\/nmf.no\/en\/wp-json\/wp\/v2\/categories?post=6693"},{"taxonomy":"post_tag","embeddable":true,"href":"https:\/\/nmf.no\/en\/wp-json\/wp\/v2\/tags?post=6693"}],"curies":[{"name":"wp","href":"https:\/\/api.w.org\/{rel}","templated":true}]}}