{"id":7250,"date":"2026-04-27T11:41:50","date_gmt":"2026-04-27T09:41:50","guid":{"rendered":"https:\/\/nmf.no\/?p=7250"},"modified":"2026-04-27T11:41:50","modified_gmt":"2026-04-27T09:41:50","slug":"vi-har-sagt-det-i-tretti-ar-na-sier-det-seg-selv","status":"publish","type":"post","link":"https:\/\/nmf.no\/en\/vi-har-sagt-det-i-tretti-ar-na-sier-det-seg-selv\/","title":{"rendered":"Vi har sagt det i tretti \u00e5r: N\u00e5 sier det seg selv."},"content":{"rendered":"<div class=\"wpb-content-wrapper\"><div id=\"oppdatering-mars-2023\" class=\"vc_row wpb_row vc_row-fluid saker-row\"><div class=\"wpb_column vc_column_container vc_col-sm-2\"><div class=\"vc_column-inner\"><div class=\"wpb_wrapper\"><\/div><\/div><\/div><div class=\"wpb_column vc_column_container vc_col-sm-8\"><div class=\"vc_column-inner\"><div class=\"wpb_wrapper\"><div class=\"spacer\" style=\"--space-sm: 0px;--space-md: 30px;--space-lg: 30px;--space-xl: 30px;\"><\/div><div class=\"spacer\" style=\"--space-sm: 5px;--space-md: 30px;--space-lg: 30px;--space-xl: 30px;\"><\/div><div class=\"spacer\" style=\"--space-sm: 15px;--space-md: 15px;--space-lg: 15px;--space-xl: 15px;\"><\/div>\n\t<div class=\"wpb_raw_code wpb_content_element wpb_raw_html\" >\n\t\t<div class=\"wpb_wrapper\">\n\t\t\t<style>\n.news-headline {\n    font-family: 'Literata', serif;\n    font-weight: 1000; \/* extra-bold *\/\n    font-size: 2rem;  \/* desktop size *\/\n    line-height: 1.1;\n    color: #111;\n    margin: 0.5rem 0;\n    text-transform: uppercase; \/* optional for newsy look *\/\n    letter-spacing: 1px; \/* subtle spacing *\/\n}\n\n\/* ===== MOBILE LAYOUT ===== *\/\n@media (max-width: 600px) {\n    .news-headline {\n        font-size: 1.4rem; \/* smaller for mobile *\/\n        line-height: 1.2;  \/* slightly taller to avoid crowding *\/\n        letter-spacing: 0.5px; \/* reduce spacing slightly *\/\n    }\n}\n<\/style>\n\n<div class=\"news-headline\">\n   Vi har sagt det i tretti \u00e5r: N\u00e5 sier det seg selv.\n<\/div>\n\n\t\t<\/div>\n\t<\/div>\n\n\t<div class=\"wpb_raw_code wpb_content_element wpb_raw_html\" >\n\t\t<div class=\"wpb_wrapper\">\n\t\t\t<style>\n.author-block {\n    display: flex;\n    justify-content: space-between; \/* left vs right *\/\n    align-items: center;\n    background: transparent;\n    padding: 0.25rem 1rem;\n    border-radius: 6px;\n    max-width: 100%;\n    box-sizing: border-box;\n    margin-left: -15px;\n}\n\n.author-left {\n    display: flex;\n    align-items: center;\n}\n\n.author-avatar img {\n    width: 64px;\n    height: 64px;\n    border-radius: 50%;\n    object-fit: cover;\n    border: 1px solid #ddd;\n    margin-right: 0.75rem;\n}\n\n.author-info {\n    display: flex;\n    flex-direction: column;\n    justify-content: center;\n}\n\n.author-name {\n    font-weight: 600;\n    font-size: 1rem;\n    margin: 0;\n    color: #222;\n}\n\n.author-name a {\n    text-decoration: none;\n    color: #0073aa;\n}\n\n.author-name a:hover {\n    text-decoration: underline;\n}\n\n.author-position {\n    font-size: 1rem;\n    color: #000;\n    margin: 0;\n}\n\n\/* Desktop dates *\/\n.author-dates {\n    display: flex;\n    flex-direction: column;\n    align-items: flex-end;\n    text-align: right;\n    margin-right: 10px;\n}\n\n.author-dates .published-date,\n.author-dates .edited-date {\n    margin: 0;\n    font-size: 0.65rem;\n    color: #000;\n}\n\n.author-dates .edited-date {\n    margin-top: 2px;\n}\n\n\/* ===== MOBILE LAYOUT ===== *\/\n@media (max-width: 600px) {\n\n    .author-block {\n        flex-direction: column;\n        align-items: flex-start;\n        margin-left: 0;\n        padding: 0.25rem 0.75rem;\n    }\n\n    .author-left {\n        width: 100%;\n        margin-bottom: 0.01rem;\n    }\n\n    .author-avatar img {\n        width: 72px;\n        height: 72px;\n        margin-right: 0.75rem;\n    }\n\n    \/* Dates now under text, horizontal row *\/\n    .author-dates {\n        display: flex;          \/* horizontal *\/\n        flex-direction: row;    \/* side by side *\/\n        flex-wrap: wrap;        \/* wrap if too long *\/\n        align-items: center;    \/* vertical align *\/\n        text-align: left;\n        padding-left: calc(72px + 0.75rem); \/* align with text, not avatar *\/\n        margin-top: 0.01rem;\n        gap: 0.5rem;            \/* spacing between published & edited *\/\n        width: 100%;\n    }\n\n    .author-dates .published-date,\n    .author-dates .edited-date {\n        font-size: 0.5rem !important; \/* smaller text *\/\n        margin: 0;                     \/* remove previous margin *\/\n    }\n}\n<\/style>\n\n<div class=\"author-block\">\n    <div class=\"author-left\">\n        <div class=\"author-avatar\">\n            <img decoding=\"async\" \n    src=\"https:\/\/nmf.no\/wp-content\/uploads\/2026\/04\/chillan.png\" \n    alt=\"Author Avatar\"\n    oncontextmenu=\"return false\"\n    draggable=\"false\"\n    style=\"pointer-events: none;\"\n>\n        <\/div>\n        <div class=\"author-info\">\n            <p class=\"author-name\"><a href=\"#\">Anders Tungland<\/a><\/p>\n            <p class=\"author-position\">Medlemsansvarlig<\/p>\n        <\/div>\n    <\/div>\n    <div class=\"author-dates\">\n        <p class=\"published-date\">Publisert dato: 27 Apr, 2026<\/p>\n        <p class=\"edited-date\">Sist endret: 27 Apr, 2026<\/p>\n    <\/div>\n<\/div>\n\n\t\t<\/div>\n\t<\/div>\n\n\t<div class=\"wpb_text_column wpb_content_element\" >\n\t\t<div class=\"wpb_wrapper\">\n\t\t\t<p>Kurt Oddekalv ble kalt l\u00f8gner, rabulist og milj\u00f8terrorist. Oppdrettsgigantene mente han bare skulle ta knekken p\u00e5 arbeidsplassene deres og ville boikotte ham. Men i dag er kravet hans om lukkede merder blitt bransjens egen fremtidsvisjon. Sannheten er alltid i forkant av sin tid.<\/p>\n\n\t\t<\/div>\n\t<\/div>\n<div class=\"spacer\" style=\"--space-sm: 2px;--space-md: 2px;--space-lg: 2px;--space-xl: 2px;\"><\/div>\n\t<div class=\"wpb_raw_code wpb_content_element wpb_raw_html\" >\n\t\t<div class=\"wpb_wrapper\">\n\t\t\t<style>\n  .wp-carousel {\n    position: relative;\n    width: 100%;\n    max-width: 900px;\n    aspect-ratio: 16 \/ 9;\n    overflow: hidden;\n    border-radius: 12px;\n    box-shadow: 0 10px 30px rgba(0,0,0,0.6);\n    margin: 0 auto;\n  }\n\n  .wp-carousel img {\n    width: 100%;\n    height: 100%;\n    object-fit: cover;\n  }\n\n  .wp-carousel .caption {\n    position: absolute;\n    bottom: 0;\n    left: 0;\n    right: 0;\n    padding: 1rem 1.25rem;\n    background: linear-gradient(to top, rgba(0,0,0,0.75), rgba(0,0,0,0));\n    font-size: 0.95rem;\n    line-height: 1.4;\n    color: #fff;\n  }\n<\/style>\n\n<div class=\"wp-carousel\">\n  <a href=\"\" target=\"_blank\">\n    <img decoding=\"async\" src=\"https:\/\/nmf.no\/wp-content\/uploads\/2026\/04\/kurtnopp.jpg\" alt=\"Kurt Oddekalv og oppdrettsanlegg\">\n    <div class=\"caption\">\nKurt Oddekalv foran oppdrettsanlegg\n    <\/div>\n  <\/a>\n<\/div>\n\t\t<\/div>\n\t<\/div>\n<div class=\"spacer\" style=\"--space-sm: 5px;--space-md: 10px;--space-lg: 10px;--space-xl: 10px;\"><\/div>\n\t<div class=\"wpb_text_column wpb_content_element\" >\n\t\t<div class=\"wpb_wrapper\">\n\t\t\t<p>I vinter var det fem \u00e5r siden Kurt Oddekalv gikk bort. I de fem \u00e5rene har noe merkelig og vakkert skjedd: verden har sakte men sikkert innhentet ham. Ikke omvendt.<\/p>\n<p>Nylig kom meldingen som mange av oss har ventet p\u00e5 i \u00e5revis. Telav\u00e5g Fiskeoppdrett kj\u00f8per lukket anlegg og statsforvalteren i Vestland sier nei til mer oppdrett i Hardanger da belastningen allerede er for stor. Leder etter leder i n\u00e6ringen innr\u00f8mmer n\u00e5 at \u00e5pne merder er en utdatert driftsform som burde plasseres p\u00e5 museum. Bransjens egne begynner \u00e5 snakke om lukkede anlegg med samme entusiasme som de engang brukte til \u00e5 angripe mannen som hadde foresl\u00e5tt akkurat det.<\/p>\n<p>\u00abOddekalv truer arbeidsplasser ved \u00e5 spre usann informasjon.\u00bb \u2014 Norsk oppdrettsbransje, 2010.<\/p>\n<p>Det er noe vakkert i \u00e5 se mektige menn tygge sine egne ord. Kurt ble ledd av, fors\u00f8kt boikottet og avskrevet som rabulist i over to ti\u00e5r. I dag er hans krav om lukkede merder blitt bransjens eget fremtidsprogram. Historien er ikke alltid rettferdig, men innimellom er den n\u00e5del\u00f8st presis.<\/p>\n\n\t\t<\/div>\n\t<\/div>\n<div class=\"spacer\" style=\"--space-sm: 2px;--space-md: 2px;--space-lg: 2px;--space-xl: 2px;\"><\/div>\n\t<div class=\"wpb_raw_code wpb_content_element wpb_raw_html\" >\n\t\t<div class=\"wpb_wrapper\">\n\t\t\t<style>\n  .wp-carousel {\n    position: relative;\n    width: 100%;\n    max-width: 900px;\n    aspect-ratio: 16 \/ 9;\n    overflow: hidden;\n    border-radius: 12px;\n    box-shadow: 0 10px 30px rgba(0,0,0,0.6);\n    margin: 0 auto;\n  }\n\n  .wp-carousel img {\n    width: 100%;\n    height: 100%;\n    object-fit: cover;\n  }\n\n  .wp-carousel .caption {\n    position: absolute;\n    bottom: 0;\n    left: 0;\n    right: 0;\n    padding: 1rem 1.25rem;\n    background: linear-gradient(to top, rgba(0,0,0,0.75), rgba(0,0,0,0));\n    font-size: 0.95rem;\n    line-height: 1.4;\n    color: #fff;\n  }\n<\/style>\n\n<div class=\"wp-carousel\">\n  <a href=\"\" target=\"_blank\">\n    <img decoding=\"async\" src=\"https:\/\/nmf.no\/wp-content\/uploads\/2026\/04\/boikottodden.png\" alt=\"Ler\u00f8y ber om boikott av Oddekalv\">\n    <div class=\"caption\">\nPressemelding fra NRK\n    <\/div>\n  <\/a>\n<\/div>\n\t\t<\/div>\n\t<\/div>\n<div class=\"spacer\" style=\"--space-sm: 5px;--space-md: 5px;--space-lg: 5px;--space-xl: 5px;\"><\/div>\n\t<div class=\"wpb_text_column wpb_content_element\" >\n\t\t<div class=\"wpb_wrapper\">\n\t\t\t<h4><strong>Motstanden var ikke tilfeldig<\/strong><\/h4>\n<p>La oss ikke romantisere dette. Kampen Kurt og Milj\u00f8vernforbundet kjempet var ikke hyggelig. Ole-Eirik Ler\u00f8y; dav\u00e6rende styreleder i Sj\u00f8mat Norge og toppsjef i eget selskap, ba om fullstendig boikott av milj\u00f8krigeren. P\u00e5standene om giftstoffer i f\u00f4r og lidelse under lusebehandling ble avvist som helt grunnl\u00f8se og udokumenterte. Presset var enormt og pengemakten stod bak motstanderne.<\/p>\n<p>Men heldigvis hadde Kurt filantropen Trond Mohn p\u00e5 sin side. Ikke fordi de n\u00f8dvendigvis var enige i alt, men fordi begge forsto at demokratiet trenger folk som t\u00f8rr \u00e5 si det ingen andre vil si. I 2016 gav s\u00e5 Mohn syv millioner til en miniub\u00e5t, slik at vi faktisk kunne dokumentere hva som skjedde p\u00e5 havbunnen under oppdrettsanleggene.<\/p>\n<p>I Milj\u00f8vernforbundet har vi i nesten tretti \u00e5r pekt p\u00e5 det samme: \u00e5pne merder slipper ut fosfor og nitrogen tilsvarende kloakk fra f\u00f8rti millioner mennesker. Lakselus og sykdommer spres fritt til villfisken. Tonnevis av f\u00f4rrester og avf\u00f8ring p\u00f8ses daglig ut i fjordene v\u00e5re. R\u00f8mt oppdrettslaks forurenser genetikken til unike, ville laksestammer som har utviklet seg over tusener av \u00e5r. Dette er ikke p\u00e5stander. Det er fakta som vitenskapen har bekreftet om og om igjen, ogs\u00e5 lenge etter at bransjen fors\u00f8kte \u00e5 tie oss i hjel.<\/p>\n\n\t\t<\/div>\n\t<\/div>\n<div class=\"spacer\" style=\"--space-sm: 2px;--space-md: 2px;--space-lg: 2px;--space-xl: 2px;\"><\/div>\n\t<div class=\"wpb_raw_code wpb_content_element wpb_raw_html\" >\n\t\t<div class=\"wpb_wrapper\">\n\t\t\t<style>\n  .wp-video {\n    position: relative;\n    width: 100%;\n    max-width: 900px;\n    aspect-ratio: 16 \/ 9;\n    overflow: hidden;\n    border-radius: 12px;\n    box-shadow: 0 10px 30px rgba(0,0,0,0.6);\n    margin: 0 auto;\n    background: #000;\n    cursor: pointer;\n  }\n\n  .wp-video video {\n    width: 100%;\n    height: 100%;\n    object-fit: cover;\n  }\n\n  .wp-video .caption {\n    position: absolute;\n    bottom: 0;\n    left: 0;\n    right: 0;\n    padding: 1rem 1.25rem;\n    background: linear-gradient(to top, rgba(0,0,0,0.75), rgba(0,0,0,0));\n    font-size: 0.95rem;\n    line-height: 1.4;\n    color: #fff;\n    pointer-events: none;\n  }\n\n  .mute-btn {\n    position: absolute;\n    top: 15px;\n    left: 15px;\n    z-index: 3;\n    background: rgba(0,0,0,0.6);\n    border: none;\n    color: #fff;\n    font-size: 14px;\n    padding: 8px 12px;\n    border-radius: 6px;\n    cursor: pointer;\n    backdrop-filter: blur(6px);\n    transition: background 0.2s ease;\n  }\n\n  .mute-btn:hover {\n    background: rgba(0,0,0,0.8);\n  }\n\n  .pause-indicator {\n    position: absolute;\n    inset: 0;\n    display: flex;\n    align-items: center;\n    justify-content: center;\n    font-size: 60px;\n    color: white;\n    opacity: 0;\n    transition: opacity 0.2s ease;\n    pointer-events: none;\n  }\n\n  .wp-video.paused .pause-indicator {\n    opacity: 0.8;\n  }\n<\/style>\n\n<div class=\"wp-video\" id=\"videoWrapper\">\n  <video id=\"myVideo\" muted loop playsinline preload=\"metadata\">\n    <source src=\"https:\/\/nmf.no\/wp-content\/uploads\/2026\/04\/TV2\uff1a-Skrekkbilder-fra-oppdrettsfjordbunnen-SANNHETEN-OM-OPPDRETT.mp4\" type=\"video\/mp4\">\n  <\/video>\n\n  <button class=\"mute-btn\" id=\"muteBtn\">\ud83d\udd07 Lyd av<\/button>\n\n  <div class=\"pause-indicator\">\u23f8<\/div>\n\n  <div class=\"caption\">\n    Skrekkbilder fra fjordbunnen. Reportasje fra TV2\n  <\/div>\n<\/div>\n\n<script>\n  const video = document.getElementById(\"myVideo\");\n  const btn = document.getElementById(\"muteBtn\");\n  const wrapper = document.getElementById(\"videoWrapper\");\n\n  \/\/ Mute toggle\n  btn.addEventListener(\"click\", (e) => {\n    e.stopPropagation();\n    video.muted = !video.muted;\n    btn.textContent = video.muted ? \"\ud83d\udd07 Lyd av\" : \"\ud83d\udd0a Lyd p\u00e5\";\n  });\n\n  \/\/ Click play\/pause\n  wrapper.addEventListener(\"click\", () => {\n    if (video.paused) {\n      video.play();\n      wrapper.classList.remove(\"paused\");\n    } else {\n      video.pause();\n      wrapper.classList.add(\"paused\");\n    }\n  });\n\n  \/\/ Scroll-triggered autoplay (slightly below center zone)\n  const observer = new IntersectionObserver((entries) => {\n    entries.forEach(entry => {\n      if (entry.isIntersecting) {\n        video.play().catch(() => {});\n        wrapper.classList.remove(\"paused\");\n      } else {\n        video.pause();\n        wrapper.classList.add(\"paused\");\n      }\n    });\n  }, {\n    root: null,\n    threshold: 0.25,\n    rootMargin: \"-20% 0px -40% 0px\"\n  });\n\n  observer.observe(wrapper);\n<\/script>\n\t\t<\/div>\n\t<\/div>\n<div class=\"spacer\" style=\"--space-sm: 5px;--space-md: 5px;--space-lg: 5px;--space-xl: 5px;\"><\/div>\n\t<div class=\"wpb_text_column wpb_content_element\" >\n\t\t<div class=\"wpb_wrapper\">\n\t\t\t<h4><strong>Oppreisning betyr ingenting for en d\u00f8d fjord <\/strong><\/h4>\n<p>Det er fristende \u00e5 ta en seiersrunde og vi tillater oss definitivt et \u00f8yeblikk av stolthet. Ikke bare for v\u00e5r egen del, men for alle de frivillige, st\u00f8ttespillerne og giverne som holdt oss oppe i de t\u00f8ffe \u00e5rene. For alle som donerte, som delte, som t\u00e5lte \u00e5 bli ledd av og avvist p\u00e5 folkem\u00f8ter langs kysten. Dere hadde rett. Historien vet det n\u00e5.<\/p>\n<p>Men oppreisning er ikke det samme som seier. Husk at vi fortsatt kun har \u00abvernet\u00bb tre til fire prosent av norske havomr\u00e5der og at mye av dette vernet er det vi kaller papirvern. Dispensasjoner og unntak gj\u00f8r at nesten all menneskelig aktivitet fortsatt er lovlig innenfor \u00abvernede\u00bb soner. Villaksen er halvert p\u00e5 tretti \u00e5r. Fjordene sliter og havbunnen under mange anlegg er fortsatt \u00f8delagt.<\/p>\n<p>S\u00e5 mens laksebransjen n\u00e5 med brede smil omfavner lukkede merder som sitt eget fremtidsprosjekt, jobber vi i Milj\u00f8vernforbundet hardt for at dette ikke skal bli en ny runde med gr\u00f8nnvasking. L\u00f8fter er billige. Vi vil se krav, tidsfrister, og faktisk gjennomf\u00f8ring. Vi vil ikke at Kurts arv skal brukes som kulisse for en bransje som fremdeles nekter \u00e5 ta det fulle ansvaret for skadene den har p\u00e5f\u00f8rt norsk natur.<\/p>\n\n\t\t<\/div>\n\t<\/div>\n<div class=\"vc_row wpb_row vc_inner vc_row-fluid\"><div class=\"wpb_column vc_column_container vc_col-sm-12\"><div class=\"vc_column-inner\"><div class=\"wpb_wrapper\">\n\t<div class=\"wpb_text_column wpb_content_element\" >\n\t\t<div class=\"wpb_wrapper\">\n\t\t\t<h4><strong>Torskeoppdrett: \u00e9n kamp gjenst\u00e5r<\/strong><\/h4>\n<p>N\u00e5 mens laksebransjen omsider snur, ser vi en ny og like farlig kamp ta form. Regjeringen \u00f8nsker \u00e5 legge til rette for vekst i torskeoppdrett. Bare i Senja kommune ligger det ni s\u00f8knader til behandling. Inne i nasjonale laksefjorder ser oppdretterne muligheten til \u00e5 komme inn med torsk, siden forbudene der kun gjelder laksefisk.<\/p>\n<p>Norges Milj\u00f8vernforbund er krystallklare: torskeoppdrett b\u00f8r forbys i sin helhet. Vi har sett denne filmen f\u00f8r. R\u00f8mminger, genetisk forurensning, sykdomsspredning akkurat den katastrofen vi advarte mot for laksens del har allerede begynt for torsken. I 2022 var det st\u00f8rste antallet r\u00f8mt fisk langs kysten ikke lenger laks, men oppdrettstorsk. Vi kan ikke vente tretti \u00e5r til f\u00f8r bransjen innr\u00f8mmer at vi hadde rett igjen, denne gangen t\u00e5ler ikke fjordene det.<\/p>\n<p>Som Petter Dass en gang skrev: \u00abSkulde torsken os feyle, hvad havde vi da?\u00bb<\/p>\n\n\t\t<\/div>\n\t<\/div>\n<\/div><\/div><\/div><\/div><div class=\"vc_row wpb_row vc_inner vc_row-fluid\"><div class=\"wpb_column vc_column_container vc_col-sm-12\"><div class=\"vc_column-inner\"><div class=\"wpb_wrapper\"><div class=\"spacer\" style=\"--space-sm: 2px;--space-md: 2px;--space-lg: 2px;--space-xl: 2px;\"><\/div>\n\t<div class=\"wpb_raw_code wpb_content_element wpb_raw_html\" >\n\t\t<div class=\"wpb_wrapper\">\n\t\t\t<style>\n  .wp-carousel {\n    position: relative;\n    width: 100%;\n    max-width: 900px;\n    aspect-ratio: 16 \/ 9;\n    overflow: hidden;\n    border-radius: 12px;\n    box-shadow: 0 10px 30px rgba(0,0,0,0.6);\n    margin: 0 auto;\n  }\n\n  .wp-carousel img {\n    width: 100%;\n    height: 100%;\n    object-fit: cover;\n  }\n\n  .wp-carousel .caption {\n    position: absolute;\n    bottom: 0;\n    left: 0;\n    right: 0;\n    padding: 1rem 1.25rem;\n    background: linear-gradient(to top, rgba(0,0,0,0.75), rgba(0,0,0,0));\n    font-size: 0.95rem;\n    line-height: 1.4;\n    color: #fff;\n  }\n<\/style>\n\n<div class=\"wp-carousel\">\n  <a href=\"\" target=\"_blank\">\n    <img decoding=\"async\" src=\"https:\/\/nmf.no\/wp-content\/uploads\/2024\/12\/download-1.jpeg\" alt=\"Hordafast illustrasjon\">\n    <div class=\"caption\">\nRuben Oddekalv med deformert oppdrettstorsk\n    <\/div>\n  <\/a>\n<\/div>\n\t\t<\/div>\n\t<\/div>\n<div class=\"spacer\" style=\"--space-sm: 5px;--space-md: 5px;--space-lg: 5px;--space-xl: 5px;\"><\/div>\n\t<div class=\"wpb_text_column wpb_content_element\" >\n\t\t<div class=\"wpb_wrapper\">\n\t\t\t<h4><strong>En takknemlighet og en oppfordring<\/strong><\/h4>\n<p>Vi vil avslutte med det som egentlig b\u00f8r sies h\u00f8yt: Takk. Tusen hjertelig takk til alle dere som har st\u00f8ttet Milj\u00f8vernforbundet gjennom alle disse \u00e5rene. Takk til de som ga penger da vi hadde det trangt. Takk til de som m\u00f8tte oppp\u00e5 kalde folkem\u00f8ter. Takk til de som likte og delte og ropte med oss. Takk til de som trodde p\u00e5 Kurt da bransjen lo av ham.<\/p>\n<p>Historien gir oss rett; men det var dere som gjorde det mulig \u00e5 st\u00e5 l\u00f8pet ut!<\/p>\n<p>Og n\u00e5 ber vi dere om det samme som alltid: ikke slapp opp. Naturen trenger ikke applaus. Den trenger mennesker som fortsetter \u00e5 bry seg, selv n\u00e5r bransjen er enig, selv n\u00e5r politikerne nikker, selv n\u00e5r mediene skriver hyggelige saker. For erfaringen viser at det alltid er en ny kamp rett rundt hj\u00f8rnet, les: Torskeoppdrett.<\/p>\n<p>Og vi har tenkt \u00e5 vinne den ogs\u00e5!<\/p>\n\n\t\t<\/div>\n\t<\/div>\n<div class=\"spacer\" style=\"--space-sm: 5px;--space-md: 5px;--space-lg: 5px;--space-xl: 5px;\"><\/div><\/div><\/div><\/div><\/div>\n\t<div class=\"wpb_raw_code wpb_content_element wpb_raw_html\" >\n\t\t<div class=\"wpb_wrapper\">\n\t\t\t<div class=\"social-share-buttons\">\n    <a href=\"https:\/\/www.facebook.com\/sharer\/sharer.php?u=https:\/\/nmf.no\/vi-har-sagt-det-i-tretti-ar-na-sier-det-seg-selv\" target=\"_blank\" class=\"share-btn facebook\">\n        Share on Facebook\n    <\/a>\n    <a href=\"https:\/\/www.instagram.com\/miljovernforbundet\" target=\"_blank\" class=\"share-btn instagram\" rel=\"noopener\">\n        Share on Instagram\n    <\/a>\n    <a href=\"https:\/\/twitter.com\/intent\/tweet?url=https:\/\/nmf.no\/vi-har-sagt-det-i-tretti-ar-na-sier-det-seg-selv\" target=\"_blank\" class=\"share-btn twitter\">\n        Share on X\n    <\/a>\n<\/div>\n\n\t\t<\/div>\n\t<\/div>\n<div class=\"spacer\" style=\"--space-sm: 1px;--space-md: 1px;--space-lg: 1px;--space-xl: 1px;\"><\/div><div class=\"vc_separator wpb_content_element vc_separator_align_center vc_sep_width_100 vc_sep_pos_align_center vc_separator_no_text\" ><span class=\"vc_sep_holder vc_sep_holder_l\"><span style=\"border-color:#36778b;\" class=\"vc_sep_line\"><\/span><\/span><span class=\"vc_sep_holder vc_sep_holder_r\"><span style=\"border-color:#36778b;\" class=\"vc_sep_line\"><\/span><\/span>\n<\/div><div class=\"spacer\" style=\"--space-sm: 30px;--space-md: 30px;--space-lg: 30px;--space-xl: 30px;\"><\/div>\n\t<div  class=\"wpb_single_image wpb_content_element vc_align_center\">\n\t\t\n\t\t<figure class=\"wpb_wrapper vc_figure\">\n\t\t\t<a href=\"https:\/\/nmf.profundo.no\/medlem\" target=\"_self\" class=\"vc_single_image-wrapper vc_box_rounded  vc_box_border_grey\" rel=\"noopener\"><img loading=\"lazy\" decoding=\"async\" width=\"958\" height=\"539\" src=\"https:\/\/nmf.no\/wp-content\/uploads\/2024\/11\/Hjelp-oss-a-ta-vare-pa-miljoet_plakat-958x539-1.webp\" class=\"vc_single_image-img attachment-full\" alt=\"\" title=\"Hjelp-oss-\u00e5-ta-vare-p\u00e5-milj\u00f8et_plakat-958x539 (1)\" srcset=\"https:\/\/nmf.no\/wp-content\/uploads\/2024\/11\/Hjelp-oss-a-ta-vare-pa-miljoet_plakat-958x539-1.webp 958w, https:\/\/nmf.no\/wp-content\/uploads\/2024\/11\/Hjelp-oss-a-ta-vare-pa-miljoet_plakat-958x539-1-300x169.webp 300w, https:\/\/nmf.no\/wp-content\/uploads\/2024\/11\/Hjelp-oss-a-ta-vare-pa-miljoet_plakat-958x539-1-768x432.webp 768w, https:\/\/nmf.no\/wp-content\/uploads\/2024\/11\/Hjelp-oss-a-ta-vare-pa-miljoet_plakat-958x539-1-320x180.webp 320w, https:\/\/nmf.no\/wp-content\/uploads\/2024\/11\/Hjelp-oss-a-ta-vare-pa-miljoet_plakat-958x539-1-420x236.webp 420w, https:\/\/nmf.no\/wp-content\/uploads\/2024\/11\/Hjelp-oss-a-ta-vare-pa-miljoet_plakat-958x539-1-576x324.webp 576w\" sizes=\"auto, (max-width: 958px) 100vw, 958px\"><\/a>\n\t\t<\/figure>\n\t<\/div>\n<\/div><\/div><\/div><div class=\"wpb_column vc_column_container vc_col-sm-2\"><div class=\"vc_column-inner\"><div class=\"wpb_wrapper\"><\/div><\/div><\/div><\/div>\n<\/div>","protected":false},"excerpt":{"rendered":"<p> [&#8230;]<\/p>\n<p><a class=\"btn btn-secondary vidiflex-read-more-link\" href=\"https:\/\/nmf.no\/en\/vi-har-sagt-det-i-tretti-ar-na-sier-det-seg-selv\/\">Read More&#8230;<\/a><\/p>\n","protected":false},"author":2,"featured_media":7259,"comment_status":"closed","ping_status":"open","sticky":false,"template":"","format":"standard","meta":{"footnotes":""},"categories":[11],"tags":[],"class_list":["post-7250","post","type-post","status-publish","format-standard","has-post-thumbnail","hentry","category-marintmiljo"],"acf":[],"_links":{"self":[{"href":"https:\/\/nmf.no\/en\/wp-json\/wp\/v2\/posts\/7250","targetHints":{"allow":["GET"]}}],"collection":[{"href":"https:\/\/nmf.no\/en\/wp-json\/wp\/v2\/posts"}],"about":[{"href":"https:\/\/nmf.no\/en\/wp-json\/wp\/v2\/types\/post"}],"author":[{"embeddable":true,"href":"https:\/\/nmf.no\/en\/wp-json\/wp\/v2\/users\/2"}],"replies":[{"embeddable":true,"href":"https:\/\/nmf.no\/en\/wp-json\/wp\/v2\/comments?post=7250"}],"version-history":[{"count":25,"href":"https:\/\/nmf.no\/en\/wp-json\/wp\/v2\/posts\/7250\/revisions"}],"predecessor-version":[{"id":7293,"href":"https:\/\/nmf.no\/en\/wp-json\/wp\/v2\/posts\/7250\/revisions\/7293"}],"wp:featuredmedia":[{"embeddable":true,"href":"https:\/\/nmf.no\/en\/wp-json\/wp\/v2\/media\/7259"}],"wp:attachment":[{"href":"https:\/\/nmf.no\/en\/wp-json\/wp\/v2\/media?parent=7250"}],"wp:term":[{"taxonomy":"category","embeddable":true,"href":"https:\/\/nmf.no\/en\/wp-json\/wp\/v2\/categories?post=7250"},{"taxonomy":"post_tag","embeddable":true,"href":"https:\/\/nmf.no\/en\/wp-json\/wp\/v2\/tags?post=7250"}],"curies":[{"name":"wp","href":"https:\/\/api.w.org\/{rel}","templated":true}]}}